{"id":53848,"date":"2025-10-12T15:28:40","date_gmt":"2025-10-12T15:28:40","guid":{"rendered":"https:\/\/www.europesays.com\/se\/53848\/"},"modified":"2025-10-12T15:28:40","modified_gmt":"2025-10-12T15:28:40","slug":"expertens-teori-om-bevapnade-ryska-mannen-vid-estlands-grans","status":"publish","type":"post","link":"https:\/\/www.europesays.com\/se\/53848\/","title":{"rendered":"Expertens teori om bev\u00e4pnade ryska m\u00e4nnen vid Estlands gr\u00e4ns"},"content":{"rendered":"<p>Publicerad 12 okt 2025 kl 17.10Uppdaterad kl 17.25<\/p>\n<p>En grupp ryska bev\u00e4pnade m\u00e4n d\u00f6k under fredagen upp vid en gr\u00e4ns\u00f6verg\u00e5ng till Estland.<\/p>\n<p>Estniska myndigheter bed\u00f6mde situationen som \u201dhotfull\u201d och v\u00e4gen har nu tillf\u00e4lligt st\u00e4ngts.<\/p>\n<p>Nu l\u00e4gger en milit\u00e4rexpert fram sin teori om vad han tror ligger bakom h\u00e4ndelsen.<\/p>\n<p>Senaste nyhetsklippen fr\u00e5n Expressen.<img   alt=\"\"\/><\/p>\n<p>En grupp ryska bev\u00e4pnade m\u00e4n d\u00f6k under fredagen upp vid en gr\u00e4ns\u00f6verg\u00e5ng till Estland.<\/p>\n<p>Foto: Estlands gr\u00e4nsmyndighet PPA<\/p>\n<p>\u00d6ppna bild i helsk\u00e4rm<img loading=\"lazy\"   alt=\"\"\/><\/p>\n<p>Experten pekar ut Putins strategi: \u201dEn forts\u00e4ttning\u201d<\/p>\n<p>Foto: VLADIMIR SMIRNOV \/ AP TT NYHETSBYR\u00c5N<\/p>\n<p>\u00d6ppna bild i helsk\u00e4rm<\/p>\n<p>Incidenten intr\u00e4ffade under fredagseftermiddagen vid Saatse Boot, en kilometer l\u00e5ng v\u00e4gstr\u00e4cka i syd\u00f6stra Estland som kort passerar genom ryskt territorium.<\/p>\n<p>P\u00e5 ett klipp, filmat av den estniska gr\u00e4nsmyndigheten PPA, syns hur <a href=\"https:\/\/www.expressen.se\/nyheter\/varlden\/mystiska-vapenman-vid-estlands-grans-mot-ryssland\/\" rel=\"nofollow noopener\" target=\"_blank\">en grupp ryska bev\u00e4pnade m\u00e4n<\/a> st\u00e5r p\u00e5 v\u00e4gen och bildar en linje tv\u00e4rs \u00f6ver k\u00f6rbanan.<\/p>\n<p>Meelis Saarepuu, chef vid PPA, f\u00f6rklarade f\u00f6r <a href=\"https:\/\/news.err.ee\/1609827133\/ppa-armed-russian-groups-seen-in-saatse-boot\" rel=\"nofollow noopener\" target=\"_blank\">ERR<\/a> att man, baserat p\u00e5 m\u00e4nnens uniform och utrustning \u201ddefinitivt\u201d kunde konstatera att de inte var gr\u00e4nsvakter.<\/p>\n<p>\u2013 F\u00f6r oss utgjorde detta en tydligt hotfull situation, fortsatte han.<\/p>\n<p><img loading=\"lazy\"   alt=\"\"\/><\/p>\n<p>De bev\u00e4pnade m\u00e4nnen bildade en linje tv\u00e4rs \u00f6ver v\u00e4gbanan.<\/p>\n<p>Foto: Estlands gr\u00e4nsmyndighet PPA<\/p>\n<p>\u00d6ppna bild i helsk\u00e4rmRysslands svar<\/p>\n<p>P\u00e5 grund av h\u00e4ndelsen beslutade myndigheten att tillf\u00e4lligt st\u00e4nga av v\u00e4gen f\u00f6r all trafik. Enligt PPA kommer v\u00e4gen vara avst\u00e4ngd \u00e5tminstone fram till p\u00e5 tisdagen medan situationen \u00f6vervakas.<\/p>\n<p>Man har \u00e4ven varit i kontakt med ryska myndigheter, som avf\u00e4rdat det hela som \u201dhelt rutinm\u00e4ssiga operationer\u201d.<\/p>\n<p>Den ovanliga ryska n\u00e4rvaron vid gr\u00e4ns\u00f6verg\u00e5ngen f\u00f6ljer ett m\u00f6nster av \u00f6kade provokationer mot de baltiska Natol\u00e4nderna. Under de senaste m\u00e5naderna har flera fall av ryska luftrumskr\u00e4nkningar och omfattande GPS-st\u00f6rningar rapporterats, bland annat i Estland.<\/p>\n<p>Expertens teori<\/p>\n<p>Enligt den pensionerade amerikanske \u00f6versten Richard Williams, tidigare bitr\u00e4dande chef inom Natos avdelning f\u00f6r f\u00f6rsvarsinvesteringar, \u00e4r de bev\u00e4pnade ryska m\u00e4nnen sannolikt<br \/>ocks\u00e5 en del av <a href=\"https:\/\/www.expressen.se\/tagg\/location\/ryssland\/\" class=\"\" rel=\"nofollow noopener\" target=\"_blank\">Rysslands<\/a> \u201dm\u00e5ngfacetterade hybridkrigf\u00f6ring\u201d mot f\u00f6rsvarsalliansen.<\/p>\n<p>\u2013 Den \u00f6kade ryska aktiviteten n\u00e4ra Estlands gr\u00e4ns kan ses som en forts\u00e4ttning p\u00e5 Ryss-<br \/>lands test av Natos reaktionsf\u00f6rm\u00e5ga p\u00e5 deras handlingar, s\u00e4ger han till <a href=\"https:\/\/www.kyivpost.com\/post\/61913\" rel=\"nofollow noopener\" target=\"_blank\">Kyiv Post<\/a>.<\/p>\n<p>Williams pekar p\u00e5 att ryssarna \u00e4ven tidigare har samlat trupper vid gr\u00e4ns\u00f6verg\u00e5ngar och andra kritiska punkter, som Suwalkikorridoren \u2013 den smala landremsa som f\u00f6rbinder Polen och Litauen och ligger n\u00e4ra den ryska exklaven Kaliningrad.<\/p>\n<p>Estlands utrikesminister, Margus Tashkna, drar d\u00e4remot inte lika stora v\u00e4xlar av incidenten. Han betonar att situationen vid gr\u00e4nsen \u00e4r under kontroll och anser att rapporter om att h\u00e4ndelsen f\u00f6rv\u00e4rrat s\u00e4kerhetsl\u00e4get \u00e4r \u201d\u00f6verdrivna\u201d.<\/p>\n<p>\u201dP\u00e5 l\u00e4ngre sikt planerar vi att helt sluta anv\u00e4nda denna v\u00e4g. En alternativ v\u00e4g som kringg\u00e5r ryskt territorium finns redan, och en ny \u00e4r under byggnation. Den nuvarande l\u00f6sningen \u00e4r ett historiskt undantag\u201d, skriver Tashkna p\u00e5 <a href=\"https:\/\/x.com\/Tsahkna\/status\/1977326365587185964\" rel=\"nofollow\">X<\/a>.<\/p>\n<p><strong>L\u00c4S MER: <\/strong><a href=\"https:\/\/www.expressen.se\/nyheter\/varlden\/mystiska-vapenman-vid-estlands-grans-mot-ryssland\/\" class=\"\" rel=\"nofollow noopener\" target=\"_blank\">Mystiska vapenm\u00e4n \u2013 vid Estlands gr\u00e4ns mot Ryssland<\/a>\u00d6verger supervapnet v\u00e4rt 500 miljoner kronor.<\/p>\n","protected":false},"excerpt":{"rendered":"Publicerad 12 okt 2025 kl 17.10Uppdaterad kl 17.25 En grupp ryska bev\u00e4pnade m\u00e4n d\u00f6k under fredagen upp vid&hellip;\n","protected":false},"author":2,"featured_media":53849,"comment_status":"","ping_status":"","sticky":false,"template":"","format":"standard","meta":{"footnotes":""},"categories":[5],"tags":[22,23,26,27,17,21,24,25,1598,274,28,29,15,16,18,34,55,31,33,32,30,19,60,20],"class_list":{"0":"post-53848","1":"post","2":"type-post","3":"status-publish","4":"format-standard","5":"has-post-thumbnail","7":"category-rubriker","8":"tag-breaking-news","9":"tag-breakingnews","10":"tag-featured-news","11":"tag-featurednews","12":"tag-headlines","13":"tag-huvudnyheter","14":"tag-latest-news","15":"tag-latestnews","16":"tag-location-estland","17":"tag-location-ryssland","18":"tag-main-news","19":"tag-mainnews","20":"tag-news","21":"tag-nyheter","22":"tag-rubriker","23":"tag-se","24":"tag-sections-varlden","25":"tag-svenska","26":"tag-sverige","27":"tag-sweden","28":"tag-swedish","29":"tag-top-stories","30":"tag-topic-krig-konflikt","31":"tag-topstories"},"share_on_mastodon":{"url":"","error":""},"_links":{"self":[{"href":"https:\/\/www.europesays.com\/se\/wp-json\/wp\/v2\/posts\/53848","targetHints":{"allow":["GET"]}}],"collection":[{"href":"https:\/\/www.europesays.com\/se\/wp-json\/wp\/v2\/posts"}],"about":[{"href":"https:\/\/www.europesays.com\/se\/wp-json\/wp\/v2\/types\/post"}],"author":[{"embeddable":true,"href":"https:\/\/www.europesays.com\/se\/wp-json\/wp\/v2\/users\/2"}],"replies":[{"embeddable":true,"href":"https:\/\/www.europesays.com\/se\/wp-json\/wp\/v2\/comments?post=53848"}],"version-history":[{"count":0,"href":"https:\/\/www.europesays.com\/se\/wp-json\/wp\/v2\/posts\/53848\/revisions"}],"wp:featuredmedia":[{"embeddable":true,"href":"https:\/\/www.europesays.com\/se\/wp-json\/wp\/v2\/media\/53849"}],"wp:attachment":[{"href":"https:\/\/www.europesays.com\/se\/wp-json\/wp\/v2\/media?parent=53848"}],"wp:term":[{"taxonomy":"category","embeddable":true,"href":"https:\/\/www.europesays.com\/se\/wp-json\/wp\/v2\/categories?post=53848"},{"taxonomy":"post_tag","embeddable":true,"href":"https:\/\/www.europesays.com\/se\/wp-json\/wp\/v2\/tags?post=53848"}],"curies":[{"name":"wp","href":"https:\/\/api.w.org\/{rel}","templated":true}]}}