{"id":53904,"date":"2025-10-12T16:43:07","date_gmt":"2025-10-12T16:43:07","guid":{"rendered":"https:\/\/www.europesays.com\/se\/53904\/"},"modified":"2025-10-12T16:43:07","modified_gmt":"2025-10-12T16:43:07","slug":"sa-forbereder-sig-partiledarna-for-debatten-i-agenda","status":"publish","type":"post","link":"https:\/\/www.europesays.com\/se\/53904\/","title":{"rendered":"S\u00e5 f\u00f6rbereder sig partiledarna f\u00f6r debatten i Agenda"},"content":{"rendered":"<p>Det \u00e4r dags f\u00f6r partiledardebatt i Agenda.\u00a0<\/p>\n<p>L\u00f6pning, b\u00f6cker och h\u00f6stsol \u2013 s\u00e5 laddar partiledarna f\u00f6r kv\u00e4llens sammandrabbning.<\/p>\n<p>Senaste nyhetsklippen fr\u00e5n Expressen.Daniel Helld\u00e9n (MP)<\/p>\n<p>Tr\u00e4ning \u00e4r en \u00e5terkommande aktivitet inf\u00f6r den samtalstunga kv\u00e4llen. Milj\u00f6partiets spr\u00e5kr\u00f6r Daniel Halld\u00e9n blir den som representerar MP p\u00e5 kv\u00e4llens debatt och har njutit av den soliga s\u00f6ndagen.\u00a0<\/p>\n<p>\u2013 V\u00e4rmer upp med den klassiska l\u00f6prundan inf\u00f6r debatten, denna g\u00e5ng i str\u00e5lande h\u00f6stsol!<\/p>\n<p><img loading=\"lazy\"   alt=\"\"\/><\/p>\n<p>Daniel Helld\u00e9n (MP) p\u00e5 en l\u00f6prunda innan partiledardebatten i Agenda.<\/p>\n<p>Foto: Privat<\/p>\n<p>\u00d6ppna bild i helsk\u00e4rmMagdalena Andersson (S)<img loading=\"lazy\"   alt=\"\"\/><\/p>\n<p>Magdalena Andersson tycker om naturen \u2013 h\u00e4r \u00e4r hon och maken f\u00f6r ett \u00e5r sedan.<\/p>\n<p>Foto: Magdalena Andersson\/Instagram<\/p>\n<p>\u00d6ppna bild i helsk\u00e4rm<\/p>\n<p>Socialdemokraternas varvar nytta med n\u00f6je \u2013 och gl\u00f6mmer inte mamma.\u00a0<\/p>\n<p>\u2013 Jag laddar upp genom att plocka svamp i Skogen med Richard. Sen l\u00e4ser jag faktaunderlag och diskuterar kv\u00e4llens \u00e4mnen med mina medarbetare timmarna innan debatten. P\u00e5 v\u00e4gen till SVT ringer jag som vanligt mamma f\u00f6r att f\u00e5 inspel \u00e4ven fr\u00e5n henne.<\/p>\n<p>Simona Mohamsson (L)<\/p>\n<p><a href=\"https:\/\/www.expressen.se\/tagg\/person\/simona-mohamsson\/\" class=\"\" rel=\"nofollow noopener\" target=\"_blank\">Simona Mohamsson<\/a> har haft en l\u00e5ng dag, fylld av b\u00e5de tr\u00e4ning, nedvarvning och jobb \u2013 men med musik laddar hon f\u00f6r att orka med \u00e4ven kv\u00e4llens debatt.\u00a0<\/p>\n<p>\u2013 I dag laddar jag upp med att tr\u00e4na och lunch i solen och kolla nya s\u00e4songen av Gift vid f\u00f6rsta \u00f6gonkastet. Mot eftermiddagen blir det jobb p\u00e5 Utbildningsdepartementet och ladda upp med att lyssna p\u00e5 Sombr.\u00a0<\/p>\n<p>Nooshi Dadgostar (V)<\/p>\n<p>Precis som \u00f6vriga partiledare har V\u00e4nsterpartiets ledare Nooshi Dadgostar passat p\u00e5 att njuta av solen som lyst \u00f6ver Stockholm.\u00a0<\/p>\n<p>\u2013 Jag laddar upp genom att spendera s\u00f6ndagen med familjen och kanske ta en promenad i h\u00f6stsolen med min dotter.\u00a0<\/p>\n<p><img loading=\"lazy\"   alt=\"\"\/><\/p>\n<p>V\u00e4nsterledaren<\/p>\n<p>Foto: Privat<\/p>\n<p>\u00d6ppna bild i helsk\u00e4rmAnna-Karin Hatt (C)<\/p>\n<p>Anna-Karin Hatt \u00e4r laddad och f\u00f6rv\u00e4ntansfull inf\u00f6r debatten. Hon ser fram emot att debattera och ocks\u00e5 lyssna p\u00e5 de andra partiledarnas f\u00f6rslag f\u00f6r att l\u00f6sa Sveriges problem, s\u00e4ger hon. Under dagen tar hon det ganska lugn.\u00a0<\/p>\n<p>\u2013 Min uppladdning best\u00e5r av en promenad, lite tid i tr\u00e4dg\u00e5rden och en bra bok.\u00a0<\/p>\n<p>Ulf Kristersson (M)<\/p>\n<p>Nuvarande statsminister och Moderaternas partiledare Ulf Kristersson laddar upp genom att aktivera kroppen tillsammans med barn och husdjur.\u00a0<\/p>\n<p>\u2013 Tagit en l\u00f6ptur hemma i Str\u00e4ngn\u00e4s tillsammans med Winston och mina d\u00f6ttrar!\u00a0<\/p>\n<p>Winston \u00e4r familjens hund av rasen welsh springer spaniel \u2013 som om en knapp m\u00e5nad fyller sju \u00e5r.\u00a0<\/p>\n<p><img loading=\"lazy\"   alt=\"\"\/><\/p>\n<p>Statsministern och familjehunden Winston \u00e4r vana l\u00f6pare \u2013 h\u00e4r fr\u00e5n tidigare i \u00e5r, i v\u00e5rsolens mars.<\/p>\n<p>Foto: Ulf Kristersson\/Instagram<\/p>\n<p>\u00d6ppna bild i helsk\u00e4rm<\/p>\n<p>Ebba Busch (KD) och Jimmie \u00c5kesson (SD) \u00e5terkom inte med svar om hur dom laddar upp, men kommer att vara med p\u00e5 kv\u00e4llens partiledardebatt i SVT:s Agenda.<\/p>\n","protected":false},"excerpt":{"rendered":"Det \u00e4r dags f\u00f6r partiledardebatt i Agenda.\u00a0 L\u00f6pning, b\u00f6cker och h\u00f6stsol \u2013 s\u00e5 laddar partiledarna f\u00f6r kv\u00e4llens sammandrabbning.&hellip;\n","protected":false},"author":2,"featured_media":53905,"comment_status":"","ping_status":"","sticky":false,"template":"","format":"standard","meta":{"footnotes":""},"categories":[12],"tags":[22,23,26,27,17,21,24,25,28,29,15,3464,16,1799,2765,5227,1207,1501,650,530,18,34,583,31,33,32,30,19,152,20],"class_list":{"0":"post-53904","1":"post","2":"type-post","3":"status-publish","4":"format-standard","5":"has-post-thumbnail","7":"category-sverige","8":"tag-breaking-news","9":"tag-breakingnews","10":"tag-featured-news","11":"tag-featurednews","12":"tag-headlines","13":"tag-huvudnyheter","14":"tag-latest-news","15":"tag-latestnews","16":"tag-main-news","17":"tag-mainnews","18":"tag-news","19":"tag-newsstory-val-2026","20":"tag-nyheter","21":"tag-organization-agenda","22":"tag-person-anna-karin-hatt","23":"tag-person-daniel-hellden","24":"tag-person-magdalena-andersson","25":"tag-person-nooshi-dadgostar","26":"tag-person-simona-mohamsson","27":"tag-person-ulf-kristersson","28":"tag-rubriker","29":"tag-se","30":"tag-sections-politik","31":"tag-svenska","32":"tag-sverige","33":"tag-sweden","34":"tag-swedish","35":"tag-top-stories","36":"tag-topic-inrikespolitik","37":"tag-topstories"},"share_on_mastodon":{"url":"","error":""},"_links":{"self":[{"href":"https:\/\/www.europesays.com\/se\/wp-json\/wp\/v2\/posts\/53904","targetHints":{"allow":["GET"]}}],"collection":[{"href":"https:\/\/www.europesays.com\/se\/wp-json\/wp\/v2\/posts"}],"about":[{"href":"https:\/\/www.europesays.com\/se\/wp-json\/wp\/v2\/types\/post"}],"author":[{"embeddable":true,"href":"https:\/\/www.europesays.com\/se\/wp-json\/wp\/v2\/users\/2"}],"replies":[{"embeddable":true,"href":"https:\/\/www.europesays.com\/se\/wp-json\/wp\/v2\/comments?post=53904"}],"version-history":[{"count":0,"href":"https:\/\/www.europesays.com\/se\/wp-json\/wp\/v2\/posts\/53904\/revisions"}],"wp:featuredmedia":[{"embeddable":true,"href":"https:\/\/www.europesays.com\/se\/wp-json\/wp\/v2\/media\/53905"}],"wp:attachment":[{"href":"https:\/\/www.europesays.com\/se\/wp-json\/wp\/v2\/media?parent=53904"}],"wp:term":[{"taxonomy":"category","embeddable":true,"href":"https:\/\/www.europesays.com\/se\/wp-json\/wp\/v2\/categories?post=53904"},{"taxonomy":"post_tag","embeddable":true,"href":"https:\/\/www.europesays.com\/se\/wp-json\/wp\/v2\/tags?post=53904"}],"curies":[{"name":"wp","href":"https:\/\/api.w.org\/{rel}","templated":true}]}}