{"id":53912,"date":"2025-10-12T16:58:07","date_gmt":"2025-10-12T16:58:07","guid":{"rendered":"https:\/\/www.europesays.com\/se\/53912\/"},"modified":"2025-10-12T16:58:07","modified_gmt":"2025-10-12T16:58:07","slug":"10-000-kroppar-kan-finnas-under-rasmassorna-i-gaza","status":"publish","type":"post","link":"https:\/\/www.europesays.com\/se\/53912\/","title":{"rendered":"10 000 kroppar kan finnas under rasmassorna i Gaza"},"content":{"rendered":"<p>Stora delar av Gaza \u00e4r s\u00f6nderbombat.\u00a0<\/p>\n<p>Omkring 10 000 d\u00f6da kan finnas under rasmassorna, uppger den civila r\u00e4ddningstj\u00e4nsten f\u00f6r <a href=\"https:\/\/www.cnn.com\/world\/live-news\/israel-hamas-gaza-ceasefire-hostages-10-12-25?post-id=cmgnklsk30005356l8fxhexlk\" rel=\"nofollow noopener\" target=\"_blank\">CNN. <\/a>\u00a0<\/p>\n<p>Under det senaste dygnet har minst 117 kroppar hittats.\u00a0<\/p>\n<p>Hundratusentals \u00e5terv\u00e4nder efter eldupph\u00f6r.<img   alt=\"\"\/><\/p>\n<p>Nya dr\u00f6narbilder visar f\u00f6r\u00f6delsen i Gaza.<\/p>\n<p>Foto: AP \/ TT NYHETSBYR\u00c5N<\/p>\n<p>\u00d6ppna bild i helsk\u00e4rm<\/p>\n<p>Nya dr\u00f6narbilder- och filmer visar f\u00f6r\u00f6delsen i <a href=\"https:\/\/www.expressen.se\/tagg\/location\/gaza\/\" class=\"\" rel=\"nofollow noopener\" target=\"_blank\">Gaza<\/a>. I st\u00e4nderna \u00e4r hela bostadsomr\u00e5den s\u00f6nderbombade.\u00a0<\/p>\n<p>Vapenvilan inneb\u00e4r att s\u00f6kandet efter d\u00f6da, som begravts under rasmassorna, har kunnat \u00e5terupptas.\u00a0<\/p>\n<p>Under det senaste dygnet har minst 117 kroppar hittats, uppger h\u00e4lsoministeriet f\u00f6r CNN. Under det f\u00f6reg\u00e5ende dygnet hittades omkring 150 d\u00f6da.\u00a0<\/p>\n<p>Det inneb\u00e4r att minst 67 806 m\u00e4nniskor d\u00f6dats i kriget sedan den 7 oktober 2023 och att \u00f6ver 170 000 skadats, enligt h\u00e4lsoministeriet.\u00a0<\/p>\n<p><img loading=\"lazy\"   alt=\"\"\/><\/p>\n<p>Nu \u00f6kar tillg\u00e5ngen till n\u00f6dhj\u00e4lp i Gaza.<\/p>\n<p>Foto: TAMER IBRAHIM \/ APAIMAGES \/ POLARIS<\/p>\n<p>\u00d6ppna bild i helsk\u00e4rmD\u00f6dssiffran stiger<\/p>\n<p>Men den verkliga d\u00f6dssiffran v\u00e4ntas vara betydligt h\u00f6gre. P\u00e5 l\u00f6rdagen sa Mahmoud Basal, talesperson f\u00f6r den palestinska civila r\u00e4ddningstj\u00e4nsten, till CNN att omkring 10 000 kroppar kan finnas under rasmassorna.\u00a0<\/p>\n<p>Sedan vapenvilan tr\u00e4dde ikraft har upp\u00e5t 200 000 m\u00e4nniskor \u00e5terv\u00e4nt till norra Gaza.\u00a0<\/p>\n<p>\u2013 Det finns inga hem \u2013 de har f\u00f6rst\u00f6rts. Men vi \u00e4r glada bara \u00f6ver att f\u00e5 \u00e5terv\u00e4nda till platsen d\u00e4r v\u00e5ra hem en g\u00e5ng l\u00e5g, \u00e4ven om det bara \u00e4r rasmassor. Det \u00e4r ocks\u00e5 en stor gl\u00e4dje. I tv\u00e5 \u00e5r har vi lidit, f\u00f6rdrivna fr\u00e5n plats till plats, s\u00e4ger Mahdi Saqla fr\u00e5n Gaza City till tyska mediebolaget <a href=\"https:\/\/www.dw.com\/en\/thousands-of-gaza-residents-return-as-ceasefire-takes-effect\/a-74317511\" rel=\"nofollow noopener\" target=\"_blank\">DW<\/a>.\u00a0<\/p>\n<p><strong>L\u00c4S MER: <\/strong><a href=\"https:\/\/www.expressen.se\/kultur\/victor-malm\/gaza-behover-mer--an-donald-trumps-fred\/\" class=\"\" rel=\"nofollow noopener\" target=\"_blank\">Gaza beh\u00f6ver mer  \u00e4n Donald Trumps fred<\/a><strong>L\u00c4S MER: <\/strong><a href=\"https:\/\/www.expressen.se\/nyheter\/varlden\/mediernas-krav-efter-fredsavtalet\/\" class=\"\" rel=\"nofollow noopener\" target=\"_blank\">Mediernas krav efter fredsavtalet<\/a>Di:s politiska redakt\u00f6r Frida Wallnor g\u00e4stade B\u00f6rskoll.<\/p>\n","protected":false},"excerpt":{"rendered":"Stora delar av Gaza \u00e4r s\u00f6nderbombat.\u00a0 Omkring 10 000 d\u00f6da kan finnas under rasmassorna, uppger den civila r\u00e4ddningstj\u00e4nsten&hellip;\n","protected":false},"author":2,"featured_media":53913,"comment_status":"","ping_status":"","sticky":false,"template":"","format":"standard","meta":{"footnotes":""},"categories":[14],"tags":[22,23,26,27,17,21,24,25,56,28,29,15,1552,16,18,34,55,31,33,32,30,19,60,20,51,52,53,54],"class_list":{"0":"post-53912","1":"post","2":"type-post","3":"status-publish","4":"format-standard","5":"has-post-thumbnail","7":"category-varlden","8":"tag-breaking-news","9":"tag-breakingnews","10":"tag-featured-news","11":"tag-featurednews","12":"tag-headlines","13":"tag-huvudnyheter","14":"tag-latest-news","15":"tag-latestnews","16":"tag-location-gaza","17":"tag-main-news","18":"tag-mainnews","19":"tag-news","20":"tag-newsstory-kriget-mellan-hamas-och-israel","21":"tag-nyheter","22":"tag-rubriker","23":"tag-se","24":"tag-sections-varlden","25":"tag-svenska","26":"tag-sverige","27":"tag-sweden","28":"tag-swedish","29":"tag-top-stories","30":"tag-topic-krig-konflikt","31":"tag-topstories","32":"tag-varlden","33":"tag-world","34":"tag-world-news","35":"tag-worldnews"},"share_on_mastodon":{"url":"","error":""},"_links":{"self":[{"href":"https:\/\/www.europesays.com\/se\/wp-json\/wp\/v2\/posts\/53912","targetHints":{"allow":["GET"]}}],"collection":[{"href":"https:\/\/www.europesays.com\/se\/wp-json\/wp\/v2\/posts"}],"about":[{"href":"https:\/\/www.europesays.com\/se\/wp-json\/wp\/v2\/types\/post"}],"author":[{"embeddable":true,"href":"https:\/\/www.europesays.com\/se\/wp-json\/wp\/v2\/users\/2"}],"replies":[{"embeddable":true,"href":"https:\/\/www.europesays.com\/se\/wp-json\/wp\/v2\/comments?post=53912"}],"version-history":[{"count":0,"href":"https:\/\/www.europesays.com\/se\/wp-json\/wp\/v2\/posts\/53912\/revisions"}],"wp:featuredmedia":[{"embeddable":true,"href":"https:\/\/www.europesays.com\/se\/wp-json\/wp\/v2\/media\/53913"}],"wp:attachment":[{"href":"https:\/\/www.europesays.com\/se\/wp-json\/wp\/v2\/media?parent=53912"}],"wp:term":[{"taxonomy":"category","embeddable":true,"href":"https:\/\/www.europesays.com\/se\/wp-json\/wp\/v2\/categories?post=53912"},{"taxonomy":"post_tag","embeddable":true,"href":"https:\/\/www.europesays.com\/se\/wp-json\/wp\/v2\/tags?post=53912"}],"curies":[{"name":"wp","href":"https:\/\/api.w.org\/{rel}","templated":true}]}}