{"id":53942,"date":"2025-10-12T17:49:27","date_gmt":"2025-10-12T17:49:27","guid":{"rendered":"https:\/\/www.europesays.com\/se\/53942\/"},"modified":"2025-10-12T17:49:27","modified_gmt":"2025-10-12T17:49:27","slug":"kritik-mot-turpins-pjas-pa-teater-tribunalen-putinister","status":"publish","type":"post","link":"https:\/\/www.europesays.com\/se\/53942\/","title":{"rendered":"Kritik mot Turpins pj\u00e4s p\u00e5 Teater Tribunalen: \u201dPutinister\u201d"},"content":{"rendered":"<p>Publicerad 12 okt 2025 kl 15.31Uppdaterad kl 16.37<\/p>\n<p>Putinhyllaren Richard Turpin regisserar en ny pj\u00e4s p\u00e5 Teater Tribunalen om hur Sverige \u201dockuperas av en fr\u00e4mmande makt\u201d.<\/p>\n<p>Drygt en halv miljon kronor av skattemedel g\u00e5r till teatern.<\/p>\n<p>\u2013 Oacceptabelt, s\u00e4ger oppositionsborgarr\u00e5det Kristoffer Tamsons (M) som vill dra in bidraget.<\/p>\n<p>Senaste nyhetsklippen fr\u00e5n Expressen.<img   alt=\"\"\/><\/p>\n<p>Den ryske presidenten Vladimir Putin.<\/p>\n<p>Foto: GRIGORY SYSOEV\/KREMLIN POOL \/ STELLA PICTURES ZUMA PRESS<\/p>\n<p>\u00d6ppna bild i helsk\u00e4rm<\/p>\n<p>Upps\u00e4ttningen av den nyskrivna pj\u00e4sen \u201dPang i bygden\u201d som har premi\u00e4r den 18 oktober p\u00e5 Teater Tribunalen i <a href=\"https:\/\/www.expressen.se\/tagg\/location\/stockholm\/\" class=\"\" rel=\"nofollow noopener\" target=\"_blank\">Stockholm<\/a>, med st\u00f6d av \u00d6stg\u00f6tateatern, f\u00e5r kritik \u2013 f\u00f6r att Turpin anlitats som regiss\u00f6r.<\/p>\n<p>\u00a0\u2013 Teater Tribunalen har mottagit n\u00e4stan en halv miljon av skattebetalarnas pengar. Om den samarbetar med uttalade putinister och antidemokrater som agerar och verkar mot den v\u00e4sterl\u00e4ndska demokratin s\u00e5 \u00e4r det v\u00e5rt ansvar att v\u00e4ldigt tydligt markera att det \u00e4r oacceptabelt, s\u00e4ger Kristoffer Tamsons.<\/p>\n<p>Teater Tribunalens konstn\u00e4rlige ledare anser \u00e5 sin sida att teatern nu uts\u00e4tts f\u00f6r en antidemokratisk attack:<\/p>\n<p>\u2013 Det har startats ett drev av en bloggare som hade en massa fejkuppgifter. En massa kr\u00e4nkta m\u00e4n har dragit i g\u00e5ng och s\u00e4tter press p\u00e5 teatern, bidragsgivare och media d\u00e4r vi annonserar, s\u00e4ger Henrik Dahl, konstn\u00e4rlig ledare f\u00f6r teater Tribunalen.<\/p>\n<p><img loading=\"lazy\"   alt=\"\"\/><\/p>\n<p>Regiss\u00f6ren Richard Turpin i samband med en upps\u00e4ttning av \u201dTrollfl\u00f6jten\u201d\u00a02013.<\/p>\n<p>Foto: HENRIK MONTGOMERY \/ TT \/ TT NYHETSBYR\u00c5N<\/p>\n<p>\u00d6ppna bild i helsk\u00e4rm<\/p>\n<p>Moderaterna i region Stockholm vill nu stoppa kommande bidrag till Tribunalen och kr\u00e4ver \u00e5terbetalning av \u00e5rets bidrag.<\/p>\n<p>\u2013 Det \u00e4r det minsta vi kan g\u00f6ra n\u00e4r teatern samarbetar med Turpin som \u00e5terkommande agerat och talat f\u00f6r Rysslands sak, s\u00e4ger Tamsons.<\/p>\n<p>Dahl kallar Moderaternas utspel f\u00f6r ett f\u00f6rs\u00f6k att tysta teatern:<\/p>\n<p>\u2013 D\u00e5 g\u00e5r vi mot diktatur. Om man inte f\u00e5r ha \u00e5sikter som inte p\u00e5verkar ens arbete, d\u00e5 vet jag inte, s\u00e4ger Dahl.<\/p>\n<p>\u2013 Vi har inte \u00e5siktsregistrering p\u00e5 teatern. Jag h\u00e5ller inte med Richard Turpin i hans \u00e5sikter, d\u00e4remot \u00e4r han en bra konstn\u00e4r som varit p\u00e5 teatern sedan starten. Pj\u00e4sen handlar inte om Ryssland, den handlar om svensk demokrati.<\/p>\n<p>Hyllat Putin<\/p>\n<p><a href=\"https:\/\/www.expressen.se\/kultur\/regissoren-hyllar-putins-krig-leve-ryssland\/\" rel=\"nofollow noopener\" target=\"_blank\">Expressen avsl\u00f6jade f\u00f6rra \u00e5ret att Richard Turpin hyllat Putin \u00f6ppet<\/a>, i ett offentligt publicerat tal han h\u00e5llit f\u00f6r Svensk-ryska v\u00e4nf\u00f6reningen. Turpin spelade d\u00e5 i en upps\u00e4ttning av Dagermans \u201dTysk h\u00f6st\u201d p\u00e5 Upsala statsteater, <a href=\"https:\/\/www.expressen.se\/nyheter\/sverige\/uppsala-stadsteater-staller-in-tysk-host\/\" rel=\"nofollow noopener\" target=\"_blank\">en f\u00f6rest\u00e4llning som st\u00e4ngdes ner<\/a> efter den massiva kritik som teatern fick efter att hans engagemang f\u00f6r Ryssland blev k\u00e4nt.<\/p>\n<p>Moderaterna i region Stockholm kommer att lyfta fr\u00e5gan redan p\u00e5 tisdag i regionfullm\u00e4ktige, och kommer att kr\u00e4va bidragsstopp till Teater Tribunalen i kulturn\u00e4mnden, som beslutat om bidraget.<\/p>\n<p>\u2013 Det \u00e4r helt orimligt att skattepengarna anv\u00e4nds till det h\u00e4r. Om teatern vill \u00e4gna sig \u00e5t putinkramande f\u00e5r man g\u00e5 till ryska ambassaden och be om pengar d\u00e4rifr\u00e5n, s\u00e4ger Tamsons.<\/p>\n<p><img loading=\"lazy\"   alt=\"\"\/><\/p>\n<p>Moderata oppositionsborgarr\u00e5det Kristoffer Tamsons.<\/p>\n<p>Foto: Anders Wiklund\/TT \/ TT NYHETSBYR\u00c5N<\/p>\n<p>\u00d6ppna bild i helsk\u00e4rmHandlar om Nato-medlemskapet<\/p>\n<p>Socialistiska Teater Tribunalen, som ligger p\u00e5 S\u00f6der i Stockholm, firar 30 \u00e5r i \u00e5r. Den nyskrivna pj\u00e4sen handlar om \u201dkrig och militarism\u201d, och hur \u201dSverige inom loppet av n\u00e5gra f\u00e5 \u00e5r f\u00f6rvandlats fr\u00e5n alliansfrihetens utpost till milit\u00e4rt uppmarschomr\u00e5de och ett brohuvud inf\u00f6r ett eventuellt krig med Ryssland\u201d. Teatern kallar den \u201den pj\u00e4s om ett land som frivilligt l\u00e5ter sig ockuperas av en fr\u00e4mmande makt, och vad det g\u00f6r med s\u00e5v\u00e4l v\u00e5r tillvaro som oss sj\u00e4lva.\u201d\u00a0<\/p>\n<p>Turpin, som nu regisserar den nya upps\u00e4ttningen, var en av grundarna till Tribunalen. D\u00e4r satte han bland annat upp \u201dDet kommunistiska manifestet\u201d. I sitt f\u00f6rsvar av Putin har Turpin tidigare sagt att \u201dstarka krafter missunnar Ryssland fred, missunnar hela v\u00e4rlden fred\u201d men att \u201dRyssland inte g\u00e5r att kn\u00e4cka\u201d.<\/p>\n<p>Richard Turpin kommenterar utspelet fr\u00e5n M i ett sms till Expressen: \u201dOm teatern grundades av en kommunist f\u00f6r 30 \u00e5r sedan, och den kommunisten fortfarande arbetar p\u00e5 teatern, kan man inte d\u00e5 s\u00e4ga att moderaterna \u00e4r lite sena i sina reaktioner?\u201d<\/p>\n<p>\u00d6stg\u00f6tateatern skriver p\u00e5 sin hemsida att man bidragit till pj\u00e4sen med utl\u00e5n av kostymer och rekvisita, men att det inte r\u00f6r sig om n\u00e5gon samproduktion och att inga offentliga medel g\u00e5tt dit.<\/p>\n<p><img alt=\"\"\/>Ljudklippet gick inte att spela upp<\/p>\n<p>F\u00f6rs\u00f6k igen senare<\/p>\n","protected":false},"excerpt":{"rendered":"Publicerad 12 okt 2025 kl 15.31Uppdaterad kl 16.37 Putinhyllaren Richard Turpin regisserar en ny pj\u00e4s p\u00e5 Teater Tribunalen&hellip;\n","protected":false},"author":2,"featured_media":53943,"comment_status":"","ping_status":"","sticky":false,"template":"","format":"standard","meta":{"footnotes":""},"categories":[5],"tags":[22,23,26,27,17,21,24,25,135,28,29,15,16,5228,18,34,583,31,33,32,30,19,1090,20],"class_list":{"0":"post-53942","1":"post","2":"type-post","3":"status-publish","4":"format-standard","5":"has-post-thumbnail","7":"category-rubriker","8":"tag-breaking-news","9":"tag-breakingnews","10":"tag-featured-news","11":"tag-featurednews","12":"tag-headlines","13":"tag-huvudnyheter","14":"tag-latest-news","15":"tag-latestnews","16":"tag-location-stockholm","17":"tag-main-news","18":"tag-mainnews","19":"tag-news","20":"tag-nyheter","21":"tag-person-kristoffer-tamsons","22":"tag-rubriker","23":"tag-se","24":"tag-sections-politik","25":"tag-svenska","26":"tag-sverige","27":"tag-sweden","28":"tag-swedish","29":"tag-top-stories","30":"tag-topic-teater","31":"tag-topstories"},"share_on_mastodon":{"url":"","error":""},"_links":{"self":[{"href":"https:\/\/www.europesays.com\/se\/wp-json\/wp\/v2\/posts\/53942","targetHints":{"allow":["GET"]}}],"collection":[{"href":"https:\/\/www.europesays.com\/se\/wp-json\/wp\/v2\/posts"}],"about":[{"href":"https:\/\/www.europesays.com\/se\/wp-json\/wp\/v2\/types\/post"}],"author":[{"embeddable":true,"href":"https:\/\/www.europesays.com\/se\/wp-json\/wp\/v2\/users\/2"}],"replies":[{"embeddable":true,"href":"https:\/\/www.europesays.com\/se\/wp-json\/wp\/v2\/comments?post=53942"}],"version-history":[{"count":0,"href":"https:\/\/www.europesays.com\/se\/wp-json\/wp\/v2\/posts\/53942\/revisions"}],"wp:featuredmedia":[{"embeddable":true,"href":"https:\/\/www.europesays.com\/se\/wp-json\/wp\/v2\/media\/53943"}],"wp:attachment":[{"href":"https:\/\/www.europesays.com\/se\/wp-json\/wp\/v2\/media?parent=53942"}],"wp:term":[{"taxonomy":"category","embeddable":true,"href":"https:\/\/www.europesays.com\/se\/wp-json\/wp\/v2\/categories?post=53942"},{"taxonomy":"post_tag","embeddable":true,"href":"https:\/\/www.europesays.com\/se\/wp-json\/wp\/v2\/tags?post=53942"}],"curies":[{"name":"wp","href":"https:\/\/api.w.org\/{rel}","templated":true}]}}