{"id":54001,"date":"2025-10-12T19:13:33","date_gmt":"2025-10-12T19:13:33","guid":{"rendered":"https:\/\/www.europesays.com\/se\/54001\/"},"modified":"2025-10-12T19:13:33","modified_gmt":"2025-10-12T19:13:33","slug":"jag-forsokte-fa-barn-i-20-ar","status":"publish","type":"post","link":"https:\/\/www.europesays.com\/se\/54001\/","title":{"rendered":"Jag f\u00f6rs\u00f6kte f\u00e5 barn i 20 \u00e5r"},"content":{"rendered":"<p>Publicerad 12 okt 2025 kl 12.30Uppdaterad kl 13.30<\/p>\n<p>Jennifer Aniston f\u00f6rs\u00f6kte bli gravid i 20 \u00e5r.<\/p>\n<p>Hon provade det mesta:<\/p>\n<p>\u2013 Jag gick igenom IVF, drack kinesiskt te, you name it, s\u00e4ger hon till <a href=\"https:\/\/www.harpersbazaar.com\/uk\/culture\/entertainment\/a68126433\/jennifer-aniston\/\" rel=\"nofollow noopener\" target=\"_blank\">Harpers Bazaar<\/a>.<\/p>\n<p><img   alt=\"\"\/><\/p>\n<p>Jennifer Aniston.<\/p>\n<p>Foto: Matt Baron \/ SHUTTERSTOCK EDITORIAL\/IBL<\/p>\n<p>\u00d6ppna bild i helsk\u00e4rm<img loading=\"lazy\"   alt=\"\"\/><\/p>\n<p>Aniston 1995.<\/p>\n<p>Foto: Everett Collection\/IBL<\/p>\n<p>\u00d6ppna bild i helsk\u00e4rm<\/p>\n<p>\u201dFriends\u201d-stj\u00e4rnan Jennifer Aniston, 56, var gift med Brad Pitt \u00e5ren 2000-2005. Efter skilsm\u00e4ssan spekulerades det i om orsaken var att Aniston inte ville ha barn, medan Pitt \u2013 som senare fick sex barn med <a href=\"https:\/\/www.expressen.se\/tagg\/person\/angelina-jolie\/\" class=\"\" rel=\"nofollow noopener\" target=\"_blank\">Angelina Jolie<\/a> \u2013 ville det.<\/p>\n<p>I en intervju med Harpers Bazaar ber\u00e4ttar Aniston nu att hon i sj\u00e4lva verket f\u00f6rs\u00f6kte f\u00e5 barn. L\u00e4nge.<\/p>\n<p>\u2013 Folk vet inte vad jag gick igenom i 20 \u00e5r f\u00f6r att f\u00f6rs\u00f6ka skaffa en familj. F\u00f6r jag g\u00e5r inte ut och ber\u00e4ttar om mina medicinska lidanden, s\u00e4ger hon i intervjun.<\/p>\n<p>\u2013 Ingen har med det att g\u00f6ra. Men det kommer en punkt n\u00e4r allt man h\u00f6r \u00e4r snacket om att jag inte vill ha barn f\u00f6r att jag \u00e4r en sj\u00e4lvisk arbetsnarkoman. Det p\u00e5verkar mig, jag \u00e4r bara m\u00e4nniska.<\/p>\n<p>\u201d\u00c5ngrar inget\u201d<\/p>\n<p>Hon har provat saker som provr\u00f6rsbefruktning och kinesiskt te.<\/p>\n<p>\u2013 Om n\u00e5gon hade sagt till mig: \u201dFrys in \u00e4gg, g\u00f6r dig sj\u00e4lv en tj\u00e4nst\u201d&#8230; Jag t\u00e4nkte bara inte p\u00e5 det. S\u00e5 h\u00e4r st\u00e5r jag i dag. Men jag \u00e5ngrar inget.<\/p>\n","protected":false},"excerpt":{"rendered":"Publicerad 12 okt 2025 kl 12.30Uppdaterad kl 13.30 Jennifer Aniston f\u00f6rs\u00f6kte bli gravid i 20 \u00e5r. Hon provade&hellip;\n","protected":false},"author":2,"featured_media":54002,"comment_status":"","ping_status":"","sticky":false,"template":"","format":"standard","meta":{"footnotes":""},"categories":[67],"tags":[104,5230,5231,34,31,33,32,30,687,109,105],"class_list":{"0":"post-54001","1":"post","2":"type-post","3":"status-publish","4":"format-standard","5":"has-post-thumbnail","7":"category-underhallning","8":"tag-entertainment","9":"tag-person-angelina-jolie","10":"tag-person-brad-pitt","11":"tag-se","12":"tag-svenska","13":"tag-sverige","14":"tag-sweden","15":"tag-swedish","16":"tag-topic-graviditet","17":"tag-topic-skadespelare","18":"tag-underhallning"},"share_on_mastodon":{"url":"","error":""},"_links":{"self":[{"href":"https:\/\/www.europesays.com\/se\/wp-json\/wp\/v2\/posts\/54001","targetHints":{"allow":["GET"]}}],"collection":[{"href":"https:\/\/www.europesays.com\/se\/wp-json\/wp\/v2\/posts"}],"about":[{"href":"https:\/\/www.europesays.com\/se\/wp-json\/wp\/v2\/types\/post"}],"author":[{"embeddable":true,"href":"https:\/\/www.europesays.com\/se\/wp-json\/wp\/v2\/users\/2"}],"replies":[{"embeddable":true,"href":"https:\/\/www.europesays.com\/se\/wp-json\/wp\/v2\/comments?post=54001"}],"version-history":[{"count":0,"href":"https:\/\/www.europesays.com\/se\/wp-json\/wp\/v2\/posts\/54001\/revisions"}],"wp:featuredmedia":[{"embeddable":true,"href":"https:\/\/www.europesays.com\/se\/wp-json\/wp\/v2\/media\/54002"}],"wp:attachment":[{"href":"https:\/\/www.europesays.com\/se\/wp-json\/wp\/v2\/media?parent=54001"}],"wp:term":[{"taxonomy":"category","embeddable":true,"href":"https:\/\/www.europesays.com\/se\/wp-json\/wp\/v2\/categories?post=54001"},{"taxonomy":"post_tag","embeddable":true,"href":"https:\/\/www.europesays.com\/se\/wp-json\/wp\/v2\/tags?post=54001"}],"curies":[{"name":"wp","href":"https:\/\/api.w.org\/{rel}","templated":true}]}}