{"id":54195,"date":"2025-10-13T03:36:36","date_gmt":"2025-10-13T03:36:36","guid":{"rendered":"https:\/\/www.europesays.com\/se\/54195\/"},"modified":"2025-10-13T03:36:36","modified_gmt":"2025-10-13T03:36:36","slug":"trump-ska-traffa-gisslan-i-morgon","status":"publish","type":"post","link":"https:\/\/www.europesays.com\/se\/54195\/","title":{"rendered":"Trump ska tr\u00e4ffa gisslan i morgon"},"content":{"rendered":"<p>Samtliga ur gisslan som fortfarande \u00e4r i livet v\u00e4ntas friges under m\u00e5ndagsmorgonen, s\u00e4ger Shosh Bedrosian, talesperson f\u00f6r den israeliska regeringen, vid en presskonferens.<\/p>\n<p>\u2013 Vi f\u00f6rv\u00e4ntar oss att alla 20 av v\u00e5ra levande gisslan sl\u00e4pps tillsammans vid ett tillf\u00e4lle till R\u00f6da Korset, s\u00e4ger hon. <\/p>\n<p>Gisslan ska d\u00e4refter f\u00f6ras till delar av Gaza som kontrolleras av Israel innan de f\u00f6rs till milit\u00e4rbasen i Re&#8217;im i s\u00f6dra Israel d\u00e4r deras anh\u00f6riga v\u00e4ntar. F\u00f6rutom deras anh\u00f6riga hoppas \u00e4ven USA:s president Donald Trump f\u00e5 tr\u00e4ffa gisslan efter frigivningen, s\u00e4ger landets vicepresident JD Vance till CBS News. <\/p>\n<p>\u2013 Presidenten reser faktiskt till Mellan\u00f6stern, troligen i kv\u00e4ll, f\u00f6r att tr\u00e4ffa dem personligen. Det \u00e4r en stor dag f\u00f6r deras familjer, men kanske \u00e4nnu viktigare \u2013 en stor dag f\u00f6r hela v\u00e4rlden, s\u00e4ger Vance. <\/p>\n<p>Omni \u00e4r politiskt obundna och oberoende. Vi str\u00e4var efter att ge fler perspektiv p\u00e5 nyheterna. Har du fr\u00e5gor eller synpunkter kring v\u00e5r rapportering? <a href=\"https:\/\/omni.se\/jd-vance-trump-ska-traffa-gisslan-i-morgon\/a\/mailto:redaktion@omni.se\" class=\"ArticleActions_contactLink__W2F1M\" rel=\"nofollow noopener\" target=\"_blank\">Kontakta redaktionen<\/a><\/p>\n","protected":false},"excerpt":{"rendered":"Samtliga ur gisslan som fortfarande \u00e4r i livet v\u00e4ntas friges under m\u00e5ndagsmorgonen, s\u00e4ger Shosh Bedrosian, talesperson f\u00f6r den&hellip;\n","protected":false},"author":2,"featured_media":54196,"comment_status":"","ping_status":"","sticky":false,"template":"","format":"standard","meta":{"footnotes":""},"categories":[5],"tags":[387,22,23,385,26,27,121,17,21,342,403,24,25,28,29,124,125,15,268,16,18,34,31,33,32,30,19,20,74],"class_list":{"0":"post-54195","1":"post","2":"type-post","3":"status-publish","4":"format-standard","5":"has-post-thumbnail","7":"category-rubriker","8":"tag-amerikansk-politik","9":"tag-breaking-news","10":"tag-breakingnews","11":"tag-donald-trump","12":"tag-featured-news","13":"tag-featurednews","14":"tag-gaza","15":"tag-headlines","16":"tag-huvudnyheter","17":"tag-israel","18":"tag-jd-vance","19":"tag-latest-news","20":"tag-latestnews","21":"tag-main-news","22":"tag-mainnews","23":"tag-mellanostern","24":"tag-mellanosternkrisen","25":"tag-news","26":"tag-nordamerika","27":"tag-nyheter","28":"tag-rubriker","29":"tag-se","30":"tag-svenska","31":"tag-sverige","32":"tag-sweden","33":"tag-swedish","34":"tag-top-stories","35":"tag-topstories","36":"tag-usa"},"share_on_mastodon":{"url":"","error":""},"_links":{"self":[{"href":"https:\/\/www.europesays.com\/se\/wp-json\/wp\/v2\/posts\/54195","targetHints":{"allow":["GET"]}}],"collection":[{"href":"https:\/\/www.europesays.com\/se\/wp-json\/wp\/v2\/posts"}],"about":[{"href":"https:\/\/www.europesays.com\/se\/wp-json\/wp\/v2\/types\/post"}],"author":[{"embeddable":true,"href":"https:\/\/www.europesays.com\/se\/wp-json\/wp\/v2\/users\/2"}],"replies":[{"embeddable":true,"href":"https:\/\/www.europesays.com\/se\/wp-json\/wp\/v2\/comments?post=54195"}],"version-history":[{"count":0,"href":"https:\/\/www.europesays.com\/se\/wp-json\/wp\/v2\/posts\/54195\/revisions"}],"wp:featuredmedia":[{"embeddable":true,"href":"https:\/\/www.europesays.com\/se\/wp-json\/wp\/v2\/media\/54196"}],"wp:attachment":[{"href":"https:\/\/www.europesays.com\/se\/wp-json\/wp\/v2\/media?parent=54195"}],"wp:term":[{"taxonomy":"category","embeddable":true,"href":"https:\/\/www.europesays.com\/se\/wp-json\/wp\/v2\/categories?post=54195"},{"taxonomy":"post_tag","embeddable":true,"href":"https:\/\/www.europesays.com\/se\/wp-json\/wp\/v2\/tags?post=54195"}],"curies":[{"name":"wp","href":"https:\/\/api.w.org\/{rel}","templated":true}]}}