{"id":54217,"date":"2025-10-13T04:17:07","date_gmt":"2025-10-13T04:17:07","guid":{"rendered":"https:\/\/www.europesays.com\/se\/54217\/"},"modified":"2025-10-13T04:17:07","modified_gmt":"2025-10-13T04:17:07","slug":"750-000-offentliganstallda-utan-lon-valkomnas-som-mojlighet-av-trump","status":"publish","type":"post","link":"https:\/\/www.europesays.com\/se\/54217\/","title":{"rendered":"750 000 offentliganst\u00e4llda utan l\u00f6n \u2013 v\u00e4lkomnas som m\u00f6jlighet av Trump"},"content":{"rendered":"<p>Runt 750 000 offentliganst\u00e4llda i USA f\u00e5r ingen l\u00f6n. En del m\u00e5ste g\u00e5 till jobbet, andra stanna hemma. N\u00e5gon l\u00f6sning p\u00e5 budgetkrisen som ledde till en st\u00e4ngning av statsapparaten, shutdown, syns inte.<\/p>\n<p>Det h\u00e4r \u00e4r det tredje dr\u00e5pslaget mot den federala sektorn sedan Donald Trump tilltr\u00e4dde i januari. F\u00f6rst kom mandat om s\u00e4mre anst\u00e4llningsvillkor och ett fr\u00e4ckt erbjudande om avg\u00e5ngsvederlag; sedan kom Elon Musk och hans unga medhj\u00e4lpare i Doge in med sina liar p\u00e5 myndigheterna; och nu, fr\u00e5n den 1 oktober, n\u00e4r anslagen till f\u00f6rvaltningen tog slut, permitterades alla utom viss personal, till exempel milit\u00e4r och migrationspolisen.<\/p>\n<p>Ett gyllene tillf\u00e4lle<\/p>\n<p>Donald Trump v\u00e4lkomnade nedst\u00e4ngningen med bel\u00e5tna uttalanden om att han f\u00e5tt ett gyllene tillf\u00e4lle att avskeda tj\u00e4nstem\u00e4n. Uppgifter l\u00e4ckte om att planer p\u00e5 att l\u00e4gga ner vissa myndigheter \u2013 \u201ddemokratiska\u201d, enligt Trump \u2013 h\u00f6ll p\u00e5 att utarbetas.<\/p>\n<p>Ett par av Trumps repliker var extra st\u00f6tande f\u00f6r de drabbade: \u201dDet \u00e4r en del som inte f\u00f6rtj\u00e4nar att bli omh\u00e4ndertagna och dem ska vi ta hand om p\u00e5 annat s\u00e4tt.\u201d och: \u201dM\u00e5nga av de h\u00e4r jobben kommer aldrig tillbaka.\u201d.<\/p>\n<p>Delade AI-video med D\u00f6den<\/p>\n<p>Trump passade ocks\u00e5 p\u00e5 att <a href=\"https:\/\/www.youtube.com\/watch?v=E-Tus_ch_aA\" rel=\"nofollow noopener\" target=\"_blank\">dela en AI-video<\/a> med sin budgetchef Russell Vought som D\u00f6den. Vought \u00e4r en av de huvudansvariga bakom manifestet Project 2025 med slakt av federala sektorn bland topprioriteringarna. Det var troligen n\u00e5got Vought sagt som Trump upprepade n\u00e4r han varnade att det inte skulle bli fr\u00e5ga om retroaktiva l\u00f6neutbetalningar.<\/p>\n<p><img fetchpriority=\"high\" decoding=\"async\" width=\"976\" height=\"666\" src=\"https:\/\/www.europesays.com\/se\/wp-content\/uploads\/2025\/10\/skarmavbild20251010kl.17.03.01.jpg\" alt=\"En man i m\u00f6rk mantel med huva h\u00e5ller en stor lie framf\u00f6r den amerikanska Capitolium-byggnaden p\u00e5 natten. Gr\u00f6n text p\u00e5 bilden lyder: &quot;RUSS VOUGHT \u00c4R SK\u00d6RDAREN.\" class=\"wp-image-72126\"  \/>Donald Trump delade en bild p\u00e5 sin plattform Truth Social.<\/p>\n<p>Men, kanske gick Trump f\u00f6r l\u00e5ngt. En lag om s\u00e5dana l\u00f6negarantier antogs 2019 efter den l\u00e4ngsta shutdown n\u00e5gonsin, allts\u00e5 under Trump I n\u00e4r oenigheten slutade i tre nedst\u00e4ngningar. Hoten om neddragningar har inte verkst\u00e4llts och mycket tyder p\u00e5 att Republikaner i kongressen f\u00e5tt kalla f\u00f6tter. F\u00f6ljderna kan bli k\u00e4nnbara i deras distrikt ocks\u00e5 och det \u00e4r m\u00f6jligt att \u00e4ven n\u00e5gra av dem spj\u00e4rnar emot drag fr\u00e5n Trump som uppenbarligen ing\u00e5r i hans h\u00e4mnd mot alla som g\u00e5tt emot honom.<\/p>\n<p>Facken ursinniga<\/p>\n<p>Talesm\u00e4n f\u00f6r facken \u00e4r ursinniga, medan permitterade tj\u00e4nstem\u00e4n blivit allt nerv\u00f6sare. Hur l\u00e4nge r\u00e4cker besparingarna? N\u00e4r f\u00e5r vi g\u00e5 till jobbet igen? Finns det n\u00e5got jobb att g\u00e5 till?<\/p>\n<p>Uppm\u00e4rksamheten i medierna \u00e4r inte s\u00e4rskilt p\u00e5taglig och dr\u00e4nks i bevakningen av Trumps fredsplan mellan Israel och Hamas, liksom av kontroversen kring Trumps order att skicka bev\u00e4pnad milit\u00e4r till bl\u00e5, demokratiska, delstater. Men det kan \u00e4ndras blixtsnabbt n\u00e4r sm\u00e4rtpunkten infaller f\u00f6r de permitterade, kanske om ett par veckor.<\/p>\n<p>Strid om sjukv\u00e5rden<\/p>\n<p>Ytligt sett g\u00e4ller striden finansiering till sjukv\u00e5rden eller i runda tal 20 miljoner m\u00e4nniskor som f\u00f6rs\u00e4kras via det s\u00e5 kallade Obamacare. Demokraterna kr\u00e4ver att medlen ska beviljas \u00e4ven fram\u00f6ver, medan Republikanerna menar att det \u00e4r n\u00f6dv\u00e4ndigt att strypa anslagen f\u00f6r att minska budgetunderskotten.<\/p>\n<p>Demokraterna har b\u00f6rjat s\u00e4tta h\u00e5rt mot h\u00e5rt. De v\u00e4grar att godta republikanernas f\u00f6rslag om en tillf\u00e4llig budgetf\u00f6rl\u00e4ngning medan samtal p\u00e5g\u00e5r och de s\u00e4ger \u00f6ppet att de inte v\u00e5gar lita p\u00e5 administrationen. De b\u00e5da kongressledarna Chuck Schumer i senaten och Hakeem Jeffries i representanthuset pratar om \u201dTrump\u2019s shutdown\u201d i ett f\u00f6rs\u00f6k att f\u00e4sta skulden vid honom.<\/p>\n<p>\u201dDeras strategi gick ut p\u00e5 att hota oss, k\u00f6ra \u00f6ver oss och r\u00e4kna med att vi skulle ge oss efter n\u00e5gon dag eller tv\u00e5, men vi visste att fokus skulle hamna p\u00e5 sjukv\u00e5rden\u201d, sa Chuck Schumer h\u00e4romdagen.<\/p>\n<p>Beroende av demokrater<\/p>\n<p>I botten \u00e4r det en forts\u00e4ttning p\u00e5 en utdragen ideologisk kamp, om skatter, om v\u00e4lf\u00e4rden och om presidentmakten. Trump och hans r\u00e5dgivare utnyttjar allm\u00e4nhetens tvivel p\u00e5 \u201dthe government\u201d, allts\u00e5 staten, \u00e4ven om de flesta anser att enskilda tj\u00e4nstem\u00e4n g\u00f6r ett bra jobb. Republikanerna under Trump har varit mer framg\u00e5ngsrika \u00e4n tongivande politiker fr\u00e5n Ronald Reagan och fram\u00e5t, men har inte tillr\u00e4ckligt stor majoritet f\u00f6r att kunna klubba de drastiska reformerna utan en handfull demokrater.<\/p>\n<p>Betr\u00e4ffande sjukv\u00e5rden har samma republikaner hackat p\u00e5 lagen Affordable Care Act, ACA, \u00e4nda sedan Barack Obama drev igenom den f\u00f6r snart femton \u00e5r sedan. Trump lovade redan 2016 n\u00e5got b\u00e4ttre och billigare \u00e4n Obamacare men har inte kommit med konkreta f\u00f6rslag.<\/p>\n<p>Efter ett m\u00f6te i Vita huset \u2013 det enda \u2013 sa Chuck Schumer att han f\u00e5tt intrycket att Trump faktiskt inte k\u00e4nde till att f\u00f6rs\u00e4kringspremierna v\u00e4ntas stiga dramatiskt med det republikanska budgetf\u00f6rslaget. Trump r\u00f6rde ocks\u00e5 till det hela n\u00e4r han pl\u00f6tsligt sa att han \u00e4r intresserad av en deal om Obamacare, utan att ange om shutdown m\u00e5ste upph\u00f6ra f\u00f6rst.<\/p>\n","protected":false},"excerpt":{"rendered":"Runt 750 000 offentliganst\u00e4llda i USA f\u00e5r ingen l\u00f6n. En del m\u00e5ste g\u00e5 till jobbet, andra stanna hemma.&hellip;\n","protected":false},"author":2,"featured_media":54218,"comment_status":"","ping_status":"","sticky":false,"template":"","format":"standard","meta":{"footnotes":""},"categories":[65],"tags":[72,385,70,71,5244,34,5245,31,33,32,30,74],"class_list":{"0":"post-54217","1":"post","2":"type-post","3":"status-publish","4":"format-standard","5":"has-post-thumbnail","7":"category-ekonomi","8":"tag-business","9":"tag-donald-trump","10":"tag-economy","11":"tag-ekonomi","12":"tag-offentliganstallda","13":"tag-se","14":"tag-statsanstallda","15":"tag-svenska","16":"tag-sverige","17":"tag-sweden","18":"tag-swedish","19":"tag-usa"},"share_on_mastodon":{"url":"","error":""},"_links":{"self":[{"href":"https:\/\/www.europesays.com\/se\/wp-json\/wp\/v2\/posts\/54217","targetHints":{"allow":["GET"]}}],"collection":[{"href":"https:\/\/www.europesays.com\/se\/wp-json\/wp\/v2\/posts"}],"about":[{"href":"https:\/\/www.europesays.com\/se\/wp-json\/wp\/v2\/types\/post"}],"author":[{"embeddable":true,"href":"https:\/\/www.europesays.com\/se\/wp-json\/wp\/v2\/users\/2"}],"replies":[{"embeddable":true,"href":"https:\/\/www.europesays.com\/se\/wp-json\/wp\/v2\/comments?post=54217"}],"version-history":[{"count":0,"href":"https:\/\/www.europesays.com\/se\/wp-json\/wp\/v2\/posts\/54217\/revisions"}],"wp:featuredmedia":[{"embeddable":true,"href":"https:\/\/www.europesays.com\/se\/wp-json\/wp\/v2\/media\/54218"}],"wp:attachment":[{"href":"https:\/\/www.europesays.com\/se\/wp-json\/wp\/v2\/media?parent=54217"}],"wp:term":[{"taxonomy":"category","embeddable":true,"href":"https:\/\/www.europesays.com\/se\/wp-json\/wp\/v2\/categories?post=54217"},{"taxonomy":"post_tag","embeddable":true,"href":"https:\/\/www.europesays.com\/se\/wp-json\/wp\/v2\/tags?post=54217"}],"curies":[{"name":"wp","href":"https:\/\/api.w.org\/{rel}","templated":true}]}}