{"id":54279,"date":"2025-10-13T05:31:08","date_gmt":"2025-10-13T05:31:08","guid":{"rendered":"https:\/\/www.europesays.com\/se\/54279\/"},"modified":"2025-10-13T05:31:08","modified_gmt":"2025-10-13T05:31:08","slug":"expressen-direkt-senaste-nytt-i-korthet-466","status":"publish","type":"post","link":"https:\/\/www.europesays.com\/se\/54279\/","title":{"rendered":"Expressen Direkt \u2013 senaste nytt i korthet"},"content":{"rendered":"<p>Hamasledaren s\u00e5gar Tony Blair: \u201dMinns hans roll i d\u00f6dandet\u201d<\/p>\n<p><img decoding=\"async\" itemprop=\"image\" src=\"https:\/\/www.europesays.com\/se\/wp-content\/uploads\/2025\/10\/8c7e01cd-9754-4a6b-8b15-59a450f78dd7.jpeg\" class=\"fr-fic fr-dib\" alt=\"Uppladdad bild\" loading=\"lazy\"\/><\/p>\n<p>Tony Blair v\u00e4ntas ta plats i ett internationellt organ som ska \u00f6vervaka \u00e5teruppbyggnaden av Gaza. Foto: Victoria Jones \/ AP \/ TT\u00a0<\/p>\n<p>I en intervju med <a href=\"https:\/\/news.sky.com\/story\/hamas-official-thanks-donald-trump-for-peace-deal-but-warns-tony-blair-not-welcome-13448166\" target=\"_top\" rel=\"nofollow noopener\">Sky News<\/a> tackar Hamasledaren Basem Naim USA:s president Donald Trump f\u00f6r hans arbete f\u00f6r fred. Men f\u00f6rslaget om att Storbritanniens f\u00f6re detta premi\u00e4rminister Tony Blair ska f\u00e5 inflytande \u00f6ver det framtida styret av Gaza \u2013 vilket Trump vill \u2013 f\u00e5r skarp kritik.\u00a0<\/p>\n<p>Till Sky News s\u00e4ger han:<\/p>\n<p>\u2013 N\u00e4r det g\u00e4ller Tony Blair har vi palestinier, araber och muslimer \u2013 och kanske \u00e4ven andra runt om i v\u00e4rlden \u2013 tyv\u00e4rr d\u00e5liga minnen. Vi minns fortfarande hans roll i d\u00f6dandet, han orsakade tusentals eller miljontals oskyldiga civila d\u00f6dsfall i Afghanistan och Irak.\u00a0<\/p>\n<p>\u2013 Vi minns honom fortfarande mycket v\u00e4l efter att ha f\u00f6rst\u00f6rt Irak och Afghanistan.\u00a0<\/p>\n<p>Donald Trump vill att ett internationellt organ, ett slags fredsr\u00e5d, ska \u00f6vervaka \u00e5teruppbyggnaden av Gaza och s\u00e4tta ramarna f\u00f6r ett nytt styre. Om Tony Blair faktiskt f\u00e5r en ledande roll i organet \u00e4r oklart.\u00a0<\/p>\n","protected":false},"excerpt":{"rendered":"Hamasledaren s\u00e5gar Tony Blair: \u201dMinns hans roll i d\u00f6dandet\u201d Tony Blair v\u00e4ntas ta plats i ett internationellt organ&hellip;\n","protected":false},"author":2,"featured_media":39,"comment_status":"","ping_status":"","sticky":false,"template":"","format":"standard","meta":{"footnotes":""},"categories":[14],"tags":[22,23,26,27,35,17,21,24,25,28,29,15,16,18,34,31,33,32,30,19,20,51,52,53,54],"class_list":{"0":"post-54279","1":"post","2":"type-post","3":"status-publish","4":"format-standard","5":"has-post-thumbnail","7":"category-varlden","8":"tag-breaking-news","9":"tag-breakingnews","10":"tag-featured-news","11":"tag-featurednews","12":"tag-function-ta-bort-ai-rost","13":"tag-headlines","14":"tag-huvudnyheter","15":"tag-latest-news","16":"tag-latestnews","17":"tag-main-news","18":"tag-mainnews","19":"tag-news","20":"tag-nyheter","21":"tag-rubriker","22":"tag-se","23":"tag-svenska","24":"tag-sverige","25":"tag-sweden","26":"tag-swedish","27":"tag-top-stories","28":"tag-topstories","29":"tag-varlden","30":"tag-world","31":"tag-world-news","32":"tag-worldnews"},"share_on_mastodon":{"url":"","error":""},"_links":{"self":[{"href":"https:\/\/www.europesays.com\/se\/wp-json\/wp\/v2\/posts\/54279","targetHints":{"allow":["GET"]}}],"collection":[{"href":"https:\/\/www.europesays.com\/se\/wp-json\/wp\/v2\/posts"}],"about":[{"href":"https:\/\/www.europesays.com\/se\/wp-json\/wp\/v2\/types\/post"}],"author":[{"embeddable":true,"href":"https:\/\/www.europesays.com\/se\/wp-json\/wp\/v2\/users\/2"}],"replies":[{"embeddable":true,"href":"https:\/\/www.europesays.com\/se\/wp-json\/wp\/v2\/comments?post=54279"}],"version-history":[{"count":0,"href":"https:\/\/www.europesays.com\/se\/wp-json\/wp\/v2\/posts\/54279\/revisions"}],"wp:featuredmedia":[{"embeddable":true,"href":"https:\/\/www.europesays.com\/se\/wp-json\/wp\/v2\/media\/39"}],"wp:attachment":[{"href":"https:\/\/www.europesays.com\/se\/wp-json\/wp\/v2\/media?parent=54279"}],"wp:term":[{"taxonomy":"category","embeddable":true,"href":"https:\/\/www.europesays.com\/se\/wp-json\/wp\/v2\/categories?post=54279"},{"taxonomy":"post_tag","embeddable":true,"href":"https:\/\/www.europesays.com\/se\/wp-json\/wp\/v2\/tags?post=54279"}],"curies":[{"name":"wp","href":"https:\/\/api.w.org\/{rel}","templated":true}]}}