{"id":54354,"date":"2025-10-13T07:04:07","date_gmt":"2025-10-13T07:04:07","guid":{"rendered":"https:\/\/www.europesays.com\/se\/54354\/"},"modified":"2025-10-13T07:04:07","modified_gmt":"2025-10-13T07:04:07","slug":"landslaget-tillbaka-i-goteborg-hyllar-graset","status":"publish","type":"post","link":"https:\/\/www.europesays.com\/se\/54354\/","title":{"rendered":"Landslaget tillbaka i G\u00f6teborg \u2013 hyllar gr\u00e4set"},"content":{"rendered":"<p>N\u00e4r herrlandslaget i\u202fkv\u00e4ll m\u00f6ter Kosovo blir det f\u00f6rsta t\u00e4vlingsmatchen p\u00e5 Ullevi p\u00e5 16 \u00e5r. Landslaget var ute och inspekterade planen p\u00e5 s\u00f6ndagskv\u00e4llen efter att ha landat i G\u00f6teborg, rapporterar GP.<\/p>\n<p>\u2013 Gr\u00e4smattan \u00e4r b\u00e4ttre h\u00e4r \u00e4n p\u00e5 Friends, sa Alexander Isak p\u00e5 g\u00e5rdagens presstr\u00e4ff.<\/p>\n<p>\u00c4ven f\u00f6rbundskapten Jon Dahl Tomasson \u00e4r positiv till valet av arena.<\/p>\n<p>\u2013 Det \u00e4r lite annorlunda j\u00e4mf\u00f6rt med moderna arenor. Jag gillar gamla saker.<\/p>\n<p>Matchen mot Kosovo b\u00f6rjar klockan 20.45.<\/p>\n<p>Omni \u00e4r politiskt obundna och oberoende. Vi str\u00e4var efter att ge fler perspektiv p\u00e5 nyheterna. Har du fr\u00e5gor eller synpunkter kring v\u00e5r rapportering? <a href=\"https:\/\/omni.se\/landslaget-tillbaka-i-goteborg-hyllar-graset\/a\/mailto:redaktion@omni.se\" class=\"ArticleActions_contactLink__W2F1M\" rel=\"nofollow noopener\" target=\"_blank\">Kontakta redaktionen<\/a><\/p>\n","protected":false},"excerpt":{"rendered":"N\u00e4r herrlandslaget i\u202fkv\u00e4ll m\u00f6ter Kosovo blir det f\u00f6rsta t\u00e4vlingsmatchen p\u00e5 Ullevi p\u00e5 16 \u00e5r. Landslaget var ute och&hellip;\n","protected":false},"author":2,"featured_media":54355,"comment_status":"","ping_status":"","sticky":false,"template":"","format":"standard","meta":{"footnotes":""},"categories":[68],"tags":[137,138,1196,1194,34,111,110,31,33,32,30],"class_list":{"0":"post-54354","1":"post","2":"type-post","3":"status-publish","4":"format-standard","5":"has-post-thumbnail","7":"category-sport","8":"tag-alexander-isak","9":"tag-fotboll","10":"tag-herrlandslaget-i-fotboll","11":"tag-jon-dahl-tomasson","12":"tag-se","13":"tag-sport","14":"tag-sports","15":"tag-svenska","16":"tag-sverige","17":"tag-sweden","18":"tag-swedish"},"share_on_mastodon":{"url":"","error":""},"_links":{"self":[{"href":"https:\/\/www.europesays.com\/se\/wp-json\/wp\/v2\/posts\/54354","targetHints":{"allow":["GET"]}}],"collection":[{"href":"https:\/\/www.europesays.com\/se\/wp-json\/wp\/v2\/posts"}],"about":[{"href":"https:\/\/www.europesays.com\/se\/wp-json\/wp\/v2\/types\/post"}],"author":[{"embeddable":true,"href":"https:\/\/www.europesays.com\/se\/wp-json\/wp\/v2\/users\/2"}],"replies":[{"embeddable":true,"href":"https:\/\/www.europesays.com\/se\/wp-json\/wp\/v2\/comments?post=54354"}],"version-history":[{"count":0,"href":"https:\/\/www.europesays.com\/se\/wp-json\/wp\/v2\/posts\/54354\/revisions"}],"wp:featuredmedia":[{"embeddable":true,"href":"https:\/\/www.europesays.com\/se\/wp-json\/wp\/v2\/media\/54355"}],"wp:attachment":[{"href":"https:\/\/www.europesays.com\/se\/wp-json\/wp\/v2\/media?parent=54354"}],"wp:term":[{"taxonomy":"category","embeddable":true,"href":"https:\/\/www.europesays.com\/se\/wp-json\/wp\/v2\/categories?post=54354"},{"taxonomy":"post_tag","embeddable":true,"href":"https:\/\/www.europesays.com\/se\/wp-json\/wp\/v2\/tags?post=54354"}],"curies":[{"name":"wp","href":"https:\/\/api.w.org\/{rel}","templated":true}]}}