{"id":54412,"date":"2025-10-13T07:58:12","date_gmt":"2025-10-13T07:58:12","guid":{"rendered":"https:\/\/www.europesays.com\/se\/54412\/"},"modified":"2025-10-13T07:58:12","modified_gmt":"2025-10-13T07:58:12","slug":"langa-koer-vid-olskroken-i-goteborg-expressen","status":"publish","type":"post","link":"https:\/\/www.europesays.com\/se\/54412\/","title":{"rendered":"L\u00e5nga k\u00f6er vid Olskroken i G\u00f6teborg &#8211; Expressen"},"content":{"rendered":"<ol>\n<li><a href=\"https:\/\/news.google.com\/rss\/articles\/CBMilwFBVV95cUxPNVVFVnNTSnFKdGVyYWZNM3hCRWJOMDJEbXpBV01Sb1JVQzc4LWVjWnlQN2ZVdXdiUzhMUkd4cGc2S0lXUXdjZEZSdmROcG9jako5dXRpYkVBdURTeEk4Nlc3MVF1Zy1ZbGRvOVI4OXMyMGxZYm4yQWVXajJ2TmlpSHZ0Nk5wbVc4U2FqenlxOGtCQ2p3QTBz?oc=5\" target=\"_blank\" rel=\"nofollow noopener\">L\u00e5nga k\u00f6er vid Olskroken i G\u00f6teborg<\/a>&nbsp;&nbsp;Expressen<\/li>\n<li><a href=\"https:\/\/news.google.com\/rss\/articles\/CBMigwFBVV95cUxOcVU2bURZLUwyMkJMZUZYR3VUUExkRkszU0FCYzRnc1lrMC12cVJvRk9yQ2JqZHNTdjhETnpjbnh5blVwSkxLZHUyLVFWOF9fUzkxcmVuVTVUbnI0UDFweW9RaUFFS1BDVEc1Q3pMY1lfQ2x6US1jbWdmX2FBSG1xQXFlMA?oc=5\" target=\"_blank\" rel=\"nofollow noopener\">Smash and grab-kupp mitt i Avesta<\/a>&nbsp;&nbsp;Aftonbladet<\/li>\n<li><a href=\"https:\/\/news.google.com\/rss\/articles\/CBMilwFBVV95cUxPdy1zVDFjZ2Zjc1liNU5xbTZLWTNtSkdMcmpmVDFCUXZKTGR5UlJCeTM0SDFnM056ZEdOZWZDVHozcXVlcEphNFJHN1J5RkhhdG5QTWZNUDhGaU54b2ctMTZfbzJpZWtzRU1RVk5YTzkwa25qUm9XcUJ1QjdoTThKc3I0WlNPemtnRXdQNUJJLVZKVnY0aWM0?oc=5\" target=\"_blank\" rel=\"nofollow noopener\">En d\u00f6d efter brand i tiov\u00e5ningshus i Landskrona<\/a>&nbsp;&nbsp;Expressen<\/li>\n<li><a href=\"https:\/\/news.google.com\/rss\/articles\/CBMihgFBVV95cUxNTHFFZlQtdVpSbngwT3VXZ0U3QkcxLXBKdW9kYUZSWlltdERxZlhBNHhwLUF1VFJqSVpmc19tYUpNMlRMRnJrMkR6R2lqNTdBOUwyYUdkeXZQeVctZWJVMXR4dC1peU1HSG9NNm9lVWpkV0FhTG1DQ09NWnF4WnFyRzhuaFp6QQ?oc=5\" target=\"_blank\" rel=\"nofollow noopener\">TV: Lastmaskin k\u00f6rdes genom butiksf\u00f6nster<\/a>&nbsp;&nbsp;Avesta Tidning<\/li>\n<li><a href=\"https:\/\/news.google.com\/rss\/articles\/CBMilgFBVV95cUxPY2l4YkpYTzFETTJRNm9WSEtFREdRWmZzNVo3dW1hSzZoVUUzWUhWblN4Zkl4M3VyaGpPc1ZJX0lYbnhNLTBVV1pSUG1COTZSU1pUS3M5a28zVWVqZVFwazd1dFA3eWxKaTk1X3NIdHlhd3paUGJXcEhWLUxOdlFNVjFhUG1BTG5HSXp6MEVqQl9ndXFzbFE?oc=5\" target=\"_blank\" rel=\"nofollow noopener\">Smash and grab mot guldbutik \u2013 ska ha anv\u00e4nt hjullastare &#8211; P4 Dalarna<\/a>&nbsp;&nbsp;Sveriges Radio<\/li>\n<\/ol>\n","protected":false},"excerpt":{"rendered":"L\u00e5nga k\u00f6er vid Olskroken i G\u00f6teborg&nbsp;&nbsp;Expressen Smash and grab-kupp mitt i Avesta&nbsp;&nbsp;Aftonbladet En d\u00f6d efter brand i tiov\u00e5ningshus&hellip;\n","protected":false},"author":2,"featured_media":39,"comment_status":"","ping_status":"","sticky":false,"template":"","format":"standard","meta":{"footnotes":""},"categories":[5],"tags":[22,23,26,27,35,17,21,24,25,28,29,15,16,18,34,31,33,32,30,19,20],"class_list":{"0":"post-54412","1":"post","2":"type-post","3":"status-publish","4":"format-standard","5":"has-post-thumbnail","7":"category-rubriker","8":"tag-breaking-news","9":"tag-breakingnews","10":"tag-featured-news","11":"tag-featurednews","12":"tag-function-ta-bort-ai-rost","13":"tag-headlines","14":"tag-huvudnyheter","15":"tag-latest-news","16":"tag-latestnews","17":"tag-main-news","18":"tag-mainnews","19":"tag-news","20":"tag-nyheter","21":"tag-rubriker","22":"tag-se","23":"tag-svenska","24":"tag-sverige","25":"tag-sweden","26":"tag-swedish","27":"tag-top-stories","28":"tag-topstories"},"share_on_mastodon":{"url":"","error":""},"_links":{"self":[{"href":"https:\/\/www.europesays.com\/se\/wp-json\/wp\/v2\/posts\/54412","targetHints":{"allow":["GET"]}}],"collection":[{"href":"https:\/\/www.europesays.com\/se\/wp-json\/wp\/v2\/posts"}],"about":[{"href":"https:\/\/www.europesays.com\/se\/wp-json\/wp\/v2\/types\/post"}],"author":[{"embeddable":true,"href":"https:\/\/www.europesays.com\/se\/wp-json\/wp\/v2\/users\/2"}],"replies":[{"embeddable":true,"href":"https:\/\/www.europesays.com\/se\/wp-json\/wp\/v2\/comments?post=54412"}],"version-history":[{"count":0,"href":"https:\/\/www.europesays.com\/se\/wp-json\/wp\/v2\/posts\/54412\/revisions"}],"wp:featuredmedia":[{"embeddable":true,"href":"https:\/\/www.europesays.com\/se\/wp-json\/wp\/v2\/media\/39"}],"wp:attachment":[{"href":"https:\/\/www.europesays.com\/se\/wp-json\/wp\/v2\/media?parent=54412"}],"wp:term":[{"taxonomy":"category","embeddable":true,"href":"https:\/\/www.europesays.com\/se\/wp-json\/wp\/v2\/categories?post=54412"},{"taxonomy":"post_tag","embeddable":true,"href":"https:\/\/www.europesays.com\/se\/wp-json\/wp\/v2\/tags?post=54412"}],"curies":[{"name":"wp","href":"https:\/\/api.w.org\/{rel}","templated":true}]}}