{"id":54415,"date":"2025-10-13T08:01:18","date_gmt":"2025-10-13T08:01:18","guid":{"rendered":"https:\/\/www.europesays.com\/se\/54415\/"},"modified":"2025-10-13T08:01:18","modified_gmt":"2025-10-13T08:01:18","slug":"the-ark-blir-film-gar-upp-pa-bio-nasta-ar","status":"publish","type":"post","link":"https:\/\/www.europesays.com\/se\/54415\/","title":{"rendered":"The Ark blir film \u2013 g\u00e5r upp p\u00e5 bio n\u00e4sta \u00e5r"},"content":{"rendered":"<p>Bandet The Arks historia fr\u00e5n start till \u00e5terf\u00f6rening skildras i en ny dokument\u00e4r, skriver TT.<\/p>\n<p>Filmen \u00e4r regisserad av Martin Sandin som har f\u00f6ljt bandet sedan han var ung.<\/p>\n<p>\u2013 Det \u00e4r en film om The Ark, men framf\u00f6r allt en film om v\u00e4nskap, s\u00e4ger han i ett pressmeddelande.<\/p>\n<p>Bland annat inneh\u00e5ller dokument\u00e4ren aldrig tidigare visat material fr\u00e5n bandets egna kameror.<\/p>\n<p>Biopremi\u00e4ren \u00e4r satt till den 27 februari 2026.<\/p>\n<p>Omni \u00e4r politiskt obundna och oberoende. Vi str\u00e4var efter att ge fler perspektiv p\u00e5 nyheterna. Har du fr\u00e5gor eller synpunkter kring v\u00e5r rapportering? <a href=\"https:\/\/omni.se\/the-ark-blir-film-gar-upp-pa-bio-nasta-ar\/a\/mailto:redaktion@omni.se\" class=\"ArticleActions_contactLink__W2F1M\" rel=\"nofollow noopener\" target=\"_blank\">Kontakta redaktionen<\/a><\/p>\n","protected":false},"excerpt":{"rendered":"Bandet The Arks historia fr\u00e5n start till \u00e5terf\u00f6rening skildras i en ny dokument\u00e4r, skriver TT. Filmen \u00e4r regisserad&hellip;\n","protected":false},"author":2,"featured_media":54416,"comment_status":"","ping_status":"","sticky":false,"template":"","format":"standard","meta":{"footnotes":""},"categories":[67],"tags":[104,168,172,5273,34,31,33,32,30,5274,105],"class_list":{"0":"post-54415","1":"post","2":"type-post","3":"status-publish","4":"format-standard","5":"has-post-thumbnail","7":"category-underhallning","8":"tag-entertainment","9":"tag-film-tv","10":"tag-musik","11":"tag-ola-salo","12":"tag-se","13":"tag-svenska","14":"tag-sverige","15":"tag-sweden","16":"tag-swedish","17":"tag-the-ark","18":"tag-underhallning"},"share_on_mastodon":{"url":"","error":""},"_links":{"self":[{"href":"https:\/\/www.europesays.com\/se\/wp-json\/wp\/v2\/posts\/54415","targetHints":{"allow":["GET"]}}],"collection":[{"href":"https:\/\/www.europesays.com\/se\/wp-json\/wp\/v2\/posts"}],"about":[{"href":"https:\/\/www.europesays.com\/se\/wp-json\/wp\/v2\/types\/post"}],"author":[{"embeddable":true,"href":"https:\/\/www.europesays.com\/se\/wp-json\/wp\/v2\/users\/2"}],"replies":[{"embeddable":true,"href":"https:\/\/www.europesays.com\/se\/wp-json\/wp\/v2\/comments?post=54415"}],"version-history":[{"count":0,"href":"https:\/\/www.europesays.com\/se\/wp-json\/wp\/v2\/posts\/54415\/revisions"}],"wp:featuredmedia":[{"embeddable":true,"href":"https:\/\/www.europesays.com\/se\/wp-json\/wp\/v2\/media\/54416"}],"wp:attachment":[{"href":"https:\/\/www.europesays.com\/se\/wp-json\/wp\/v2\/media?parent=54415"}],"wp:term":[{"taxonomy":"category","embeddable":true,"href":"https:\/\/www.europesays.com\/se\/wp-json\/wp\/v2\/categories?post=54415"},{"taxonomy":"post_tag","embeddable":true,"href":"https:\/\/www.europesays.com\/se\/wp-json\/wp\/v2\/tags?post=54415"}],"curies":[{"name":"wp","href":"https:\/\/api.w.org\/{rel}","templated":true}]}}