{"id":54429,"date":"2025-10-13T08:14:12","date_gmt":"2025-10-13T08:14:12","guid":{"rendered":"https:\/\/www.europesays.com\/se\/54429\/"},"modified":"2025-10-13T08:14:12","modified_gmt":"2025-10-13T08:14:12","slug":"lamnade-av-flickvannen-vid-gaten-far-bota-10-000-kronor","status":"publish","type":"post","link":"https:\/\/www.europesays.com\/se\/54429\/","title":{"rendered":"L\u00e4mnade av flickv\u00e4nnen vid gaten \u2013\u00a0f\u00e5r b\u00f6ta 10 000 kronor"},"content":{"rendered":"<p>Publicerad 13 okt 2025 kl 06.30<\/p>\n<p>En man f\u00f6ljde med sin flickv\u00e4n till gaten p\u00e5 Arlanda.<\/p>\n<p>Men han gick bakom s\u00e4kerhetskontrollen \u2013\u00a0utan tillst\u00e5nd.<\/p>\n<p>Nu f\u00e5r han en villkorlig dom och tusentals kronor i b\u00f6ter.<\/p>\n<p>Ryanair: \u201dSAS kan inte kontrollera sin kostnadsbas\u201d<img loading=\"lazy\"   alt=\"\"\/><\/p>\n<p>S\u00e4kerhetskontrollen p\u00e5 Arlanda \u00e4r klassat som ett skyddsobjekt.<\/p>\n<p>Foto: Anders Wiklund \/ TT NYHETSBYR\u00c5N<\/p>\n<p>\u00d6ppna bild i helsk\u00e4rm<img loading=\"lazy\"   alt=\"\"\/><\/p>\n<p>Mannen br\u00f6t mot reglerna n\u00e4r han gick bakom s\u00e4kerhetskontrollen utan tillst\u00e5nd.<\/p>\n<p>Foto: Oscar Olsson\/TT \/ TT NYHETSBYR\u00c5N<\/p>\n<p>\u00d6ppna bild i helsk\u00e4rm<\/p>\n<p>I juni skulle en man sl\u00e4ppa av sin flickv\u00e4n f\u00f6r en resa fr\u00e5n <a href=\"https:\/\/www.expressen.se\/tagg\/location\/arlanda\/\" class=\"\" rel=\"nofollow noopener\" target=\"_blank\">Arlanda<\/a>. Mannen jobbade f\u00f6r ett flygbolag och hade en passerbricka som gjorde det m\u00f6jligt f\u00f6r honom att g\u00e5 bakom s\u00e4kerhetskontrollen.<\/p>\n<p>P\u00e5 s\u00e5 vis kunde han ta sig in p\u00e5 den s\u00e5 kallade \u201dArlanda Airside\u201d, d\u00e4r man kommer \u00e5t gaterna inf\u00f6r flygresan. <a href=\"https:\/\/www.mitti.se\/nyheter\/foljde-flickvan-till-gaten--far-bota-10-000-6.3.322508.f19cbe48eb\" rel=\"nofollow noopener\" target=\"_blank\">Det h\u00e4r rapporter Mitt i Stockholm<\/a>.<\/p>\n<p>Men det fanns ett problem. Mannen \u2013 som f\u00f6rvisso utbildats av Svedavia i flygplatss\u00e4kerhet \u2013\u00a0var inte i tj\u00e4nst.<\/p>\n<p>\u2013\u00a0I utbildningen lyfts det inte fram att man absolut inte f\u00e5r vistas p\u00e5 omr\u00e5det utan anledning, har mannen sagt i f\u00f6rh\u00f6r.<\/p>\n<p>S\u00e4kerhetskontrollen p\u00e5 Arlanda \u00e4r ett skyddsobjekt<\/p>\n<p>I f\u00f6rh\u00f6ren s\u00e4ger han sig ocks\u00e5 ha vetat att han inte f\u00e5r vara p\u00e5 omr\u00e5det p\u00e5 sin fritid. Han t\u00e4nkte bara inte p\u00e5 vilka konsekvenser beteendet kunde leda till.<\/p>\n<p>F\u00f6r \u00e4ven om mannen bara ville, som han f\u00f6rklarar, \u201dvara med sin tjej\u201d och menar att han bara var i omr\u00e5det bakom s\u00e4kerhetskontrollen i 40 minuter, spelar det ingen roll f\u00f6r tingsr\u00e4tten.<\/p>\n<p>Mannen d\u00f6ms d\u00e4rf\u00f6r till villkorlig dom och 10 000 kronor i b\u00f6ter f\u00f6r otillb\u00f6rligt tilltr\u00e4de till skyddsobjekt.<\/p>\n","protected":false},"excerpt":{"rendered":"Publicerad 13 okt 2025 kl 06.30 En man f\u00f6ljde med sin flickv\u00e4n till gaten p\u00e5 Arlanda. Men han&hellip;\n","protected":false},"author":2,"featured_media":54430,"comment_status":"","ping_status":"","sticky":false,"template":"","format":"standard","meta":{"footnotes":""},"categories":[5],"tags":[22,23,26,27,17,21,24,25,107,28,29,15,16,18,34,154,31,33,32,30,19,378,136,20],"class_list":{"0":"post-54429","1":"post","2":"type-post","3":"status-publish","4":"format-standard","5":"has-post-thumbnail","7":"category-rubriker","8":"tag-breaking-news","9":"tag-breakingnews","10":"tag-featured-news","11":"tag-featurednews","12":"tag-headlines","13":"tag-huvudnyheter","14":"tag-latest-news","15":"tag-latestnews","16":"tag-location-arlanda","17":"tag-main-news","18":"tag-mainnews","19":"tag-news","20":"tag-nyheter","21":"tag-rubriker","22":"tag-se","23":"tag-sections-sverige","24":"tag-svenska","25":"tag-sverige","26":"tag-sweden","27":"tag-swedish","28":"tag-top-stories","29":"tag-topic-flygtrafik","30":"tag-topic-rattegangar-domar","31":"tag-topstories"},"share_on_mastodon":{"url":"","error":""},"_links":{"self":[{"href":"https:\/\/www.europesays.com\/se\/wp-json\/wp\/v2\/posts\/54429","targetHints":{"allow":["GET"]}}],"collection":[{"href":"https:\/\/www.europesays.com\/se\/wp-json\/wp\/v2\/posts"}],"about":[{"href":"https:\/\/www.europesays.com\/se\/wp-json\/wp\/v2\/types\/post"}],"author":[{"embeddable":true,"href":"https:\/\/www.europesays.com\/se\/wp-json\/wp\/v2\/users\/2"}],"replies":[{"embeddable":true,"href":"https:\/\/www.europesays.com\/se\/wp-json\/wp\/v2\/comments?post=54429"}],"version-history":[{"count":0,"href":"https:\/\/www.europesays.com\/se\/wp-json\/wp\/v2\/posts\/54429\/revisions"}],"wp:featuredmedia":[{"embeddable":true,"href":"https:\/\/www.europesays.com\/se\/wp-json\/wp\/v2\/media\/54430"}],"wp:attachment":[{"href":"https:\/\/www.europesays.com\/se\/wp-json\/wp\/v2\/media?parent=54429"}],"wp:term":[{"taxonomy":"category","embeddable":true,"href":"https:\/\/www.europesays.com\/se\/wp-json\/wp\/v2\/categories?post=54429"},{"taxonomy":"post_tag","embeddable":true,"href":"https:\/\/www.europesays.com\/se\/wp-json\/wp\/v2\/tags?post=54429"}],"curies":[{"name":"wp","href":"https:\/\/api.w.org\/{rel}","templated":true}]}}