{"id":54437,"date":"2025-10-13T08:20:08","date_gmt":"2025-10-13T08:20:08","guid":{"rendered":"https:\/\/www.europesays.com\/se\/54437\/"},"modified":"2025-10-13T08:20:08","modified_gmt":"2025-10-13T08:20:08","slug":"senaste-nytt-om-kriget-i-gaza-47","status":"publish","type":"post","link":"https:\/\/www.europesays.com\/se\/54437\/","title":{"rendered":"Senaste nytt om kriget i Gaza"},"content":{"rendered":"<p>Efter fredsuppg\u00f6relsen mellan Hamas och Israel har nu USA:s president Donald Trump landat i Israel.<\/p>\n<p>Israels premi\u00e4rminister Benjamin Netanyahu \u00e4r p\u00e5 plats, visar bilder i israeliska medier. D\u00e4r v\u00e4ntar \u00e4ven USA-s\u00e4ndebudet Steve Witkoff, liksom Trumps dotter Ivanka Trump och hennes make Jared Kushner, som deltog i fredsf\u00f6rhandlingarna i Sharm el-Sheikh i fredags.<\/p>\n<p>Trump har f\u00f6ljt frigivningen av de f\u00f6rsta sju gisslan ombord presidentplanet Air Force One, skriver Vita huset p\u00e5 X.<\/p>\n<p>I en en telefonintervju med Axios under \u00f6verfarten fr\u00e5n USA till Mellan\u00f6stern s\u00e4ger Trump bland annat att fredsuppg\u00f6relsen i Gaza \u201dkan vara det st\u00f6rsta jag n\u00e5gonsin varit involverad i\u201d. (TT)<\/p>\n","protected":false},"excerpt":{"rendered":"Efter fredsuppg\u00f6relsen mellan Hamas och Israel har nu USA:s president Donald Trump landat i Israel. Israels premi\u00e4rminister Benjamin&hellip;\n","protected":false},"author":2,"featured_media":10964,"comment_status":"","ping_status":"","sticky":false,"template":"","format":"standard","meta":{"footnotes":""},"categories":[14],"tags":[22,23,26,27,17,21,24,25,28,29,15,16,18,34,31,33,32,30,19,20,51,52,53,54],"class_list":{"0":"post-54437","1":"post","2":"type-post","3":"status-publish","4":"format-standard","5":"has-post-thumbnail","7":"category-varlden","8":"tag-breaking-news","9":"tag-breakingnews","10":"tag-featured-news","11":"tag-featurednews","12":"tag-headlines","13":"tag-huvudnyheter","14":"tag-latest-news","15":"tag-latestnews","16":"tag-main-news","17":"tag-mainnews","18":"tag-news","19":"tag-nyheter","20":"tag-rubriker","21":"tag-se","22":"tag-svenska","23":"tag-sverige","24":"tag-sweden","25":"tag-swedish","26":"tag-top-stories","27":"tag-topstories","28":"tag-varlden","29":"tag-world","30":"tag-world-news","31":"tag-worldnews"},"share_on_mastodon":{"url":"","error":""},"_links":{"self":[{"href":"https:\/\/www.europesays.com\/se\/wp-json\/wp\/v2\/posts\/54437","targetHints":{"allow":["GET"]}}],"collection":[{"href":"https:\/\/www.europesays.com\/se\/wp-json\/wp\/v2\/posts"}],"about":[{"href":"https:\/\/www.europesays.com\/se\/wp-json\/wp\/v2\/types\/post"}],"author":[{"embeddable":true,"href":"https:\/\/www.europesays.com\/se\/wp-json\/wp\/v2\/users\/2"}],"replies":[{"embeddable":true,"href":"https:\/\/www.europesays.com\/se\/wp-json\/wp\/v2\/comments?post=54437"}],"version-history":[{"count":0,"href":"https:\/\/www.europesays.com\/se\/wp-json\/wp\/v2\/posts\/54437\/revisions"}],"wp:featuredmedia":[{"embeddable":true,"href":"https:\/\/www.europesays.com\/se\/wp-json\/wp\/v2\/media\/10964"}],"wp:attachment":[{"href":"https:\/\/www.europesays.com\/se\/wp-json\/wp\/v2\/media?parent=54437"}],"wp:term":[{"taxonomy":"category","embeddable":true,"href":"https:\/\/www.europesays.com\/se\/wp-json\/wp\/v2\/categories?post=54437"},{"taxonomy":"post_tag","embeddable":true,"href":"https:\/\/www.europesays.com\/se\/wp-json\/wp\/v2\/tags?post=54437"}],"curies":[{"name":"wp","href":"https:\/\/api.w.org\/{rel}","templated":true}]}}