{"id":54445,"date":"2025-10-13T08:36:07","date_gmt":"2025-10-13T08:36:07","guid":{"rendered":"https:\/\/www.europesays.com\/se\/54445\/"},"modified":"2025-10-13T08:36:07","modified_gmt":"2025-10-13T08:36:07","slug":"paven-i-chock-efterdraget-vid-hans-altare","status":"publish","type":"post","link":"https:\/\/www.europesays.com\/se\/54445\/","title":{"rendered":"P\u00e5ven i chock \u2013 efter\ndraget vid hans altare"},"content":{"rendered":"<p>Publicerad 13 okt 2025 kl 05.58<\/p>\n<p>Mitt under morgonm\u00e4ssan i Peterskyrkan i Vatikanen kl\u00e4ttrade en man upp p\u00e5 p\u00e5vens altare och b\u00f6rjade urinera.<\/p>\n<p>P\u00e5ven ska ha informerats om den bisarra h\u00e4ndelsen och uppges vara i chock.<\/p>\n<p>Senaste nyhetsklippen fr\u00e5n Expressen.<img   alt=\"\"\/><\/p>\n<p>P\u00e5ve Leo XIV uppges vara i chock efter h\u00e4ndelsen.<\/p>\n<p>Foto: ALESSIA GIULIANI \/ STELLA PICTURES ZUMA PRESS<\/p>\n<p>\u00d6ppna bild i helsk\u00e4rm<img loading=\"lazy\"   alt=\"\"\/><\/p>\n<p>Mannen tog sig upp p\u00e5 altaret, drog ner byxorna och b\u00f6rjade urinera<\/p>\n<p>Foto: X<\/p>\n<p>\u00d6ppna bild i helsk\u00e4rm<\/p>\n<p>Peterskyrkan i Vatikanen \u00e4r en av v\u00e4rldens st\u00f6rsta kyrkor och centrum f\u00f6r den katolska tron.<\/p>\n<p>Under den 29 meter h\u00f6ga bronsbaldakinen som reser sig \u00f6ver aposteln Petrus grav st\u00e5r p\u00e5vens altare, d\u00e4r han sj\u00e4lv firar m\u00e4ssa vid s\u00e4rskilt h\u00f6gtidliga tillf\u00e4llen.<\/p>\n<p><img loading=\"lazy\"   alt=\"\"\/><\/p>\n<p>P\u00e5vens altare betraktas som kyrkans heligaste plats<\/p>\n<p>Foto: ALESSANDRA TARANTINO \/ AP<\/p>\n<p>\u00d6ppna bild i helsk\u00e4rm<\/p>\n<p>Men i fredags h\u00e4nde n\u00e5got som fick b\u00e5de p\u00e5ven och bes\u00f6kare att tappa hakan \u2013 mitt under morgonm\u00e4ssan kl\u00e4ttrade en man upp p\u00e5 altaret, drog ner byxorna och b\u00f6rjade urinera.<\/p>\n<p>S\u00e4kerhetspersonal agerade omedelbart, \u00f6vermannande mannen och f\u00f6rde bort honom.<\/p>\n<p>P\u00e5ven i chock<\/p>\n<p>Mannens identitet \u00e4r fortfarande ok\u00e4nd, men Vatikanens talesperson Matteo Bruni uppger f\u00f6r den italienska nyhetsbyr\u00e5n Ansa:<\/p>\n<p>\u2013 Detta \u00e4r ett fall med en person som har en allvarlig psykisk st\u00f6rning, som har frihetsber\u00f6vats av Vatikanens polis och sedan \u00f6verl\u00e4mnats till de italienska myndigheterna.<\/p>\n<p><a href=\"https:\/\/nypost.com\/2025\/10\/11\/world-news\/man-urinates-on-altar-at-vatican-citys-st-peters-basilica-during-holy-mass\/\" rel=\"nofollow noopener\" target=\"_blank\">The New York Post<\/a> rapporterar att det \u00e4r oklart om p\u00e5ve Leo XIV befann sig i kyrkan vid tillf\u00e4llet. Han ska i alla fall informerats om h\u00e4ndelsen och uppges vara chockad \u00f6ver det<br \/>intr\u00e4ffade, skriver italienska<a href=\"https:\/\/www.iltempo.it\/attualita\/2025\/10\/11\/video\/video-san-pietro-altare-profanato-scandalo-sconcerto-papa-leone-xiv-44508932\/\" rel=\"nofollow noopener\" target=\"_blank\"> Il Tempo<\/a>.<\/p>\n<p>Det \u00e4r inte f\u00f6rsta g\u00e5ngen liknande incidenter sker i Peterskyrkan. I februari \u00e5r kl\u00e4ttrade en rum\u00e4nsk man upp p\u00e5 p\u00e5vens altare och slog ner flera ljusstakar, och i juni 2023 hoppade en naken man fr\u00e5n Polen upp p\u00e5 altaret med texten \u201dSave children of Ukraine\u201d skriven p\u00e5 ryggen. Efter den h\u00e4ndelsen genomf\u00f6rde Vatikanen en ritual f\u00f6r att rena altaret.<\/p>\n","protected":false},"excerpt":{"rendered":"Publicerad 13 okt 2025 kl 05.58 Mitt under morgonm\u00e4ssan i Peterskyrkan i Vatikanen kl\u00e4ttrade en man upp p\u00e5&hellip;\n","protected":false},"author":2,"featured_media":54446,"comment_status":"","ping_status":"","sticky":false,"template":"","format":"standard","meta":{"footnotes":""},"categories":[14],"tags":[22,23,26,27,17,21,24,25,5275,28,29,15,16,5276,18,34,55,31,33,32,30,19,151,20,51,52,53,54],"class_list":{"0":"post-54445","1":"post","2":"type-post","3":"status-publish","4":"format-standard","5":"has-post-thumbnail","7":"category-varlden","8":"tag-breaking-news","9":"tag-breakingnews","10":"tag-featured-news","11":"tag-featurednews","12":"tag-headlines","13":"tag-huvudnyheter","14":"tag-latest-news","15":"tag-latestnews","16":"tag-location-vatikanstaten","17":"tag-main-news","18":"tag-mainnews","19":"tag-news","20":"tag-nyheter","21":"tag-person-pave-leo-xiv","22":"tag-rubriker","23":"tag-se","24":"tag-sections-varlden","25":"tag-svenska","26":"tag-sverige","27":"tag-sweden","28":"tag-swedish","29":"tag-top-stories","30":"tag-topic-religion","31":"tag-topstories","32":"tag-varlden","33":"tag-world","34":"tag-world-news","35":"tag-worldnews"},"share_on_mastodon":{"url":"","error":""},"_links":{"self":[{"href":"https:\/\/www.europesays.com\/se\/wp-json\/wp\/v2\/posts\/54445","targetHints":{"allow":["GET"]}}],"collection":[{"href":"https:\/\/www.europesays.com\/se\/wp-json\/wp\/v2\/posts"}],"about":[{"href":"https:\/\/www.europesays.com\/se\/wp-json\/wp\/v2\/types\/post"}],"author":[{"embeddable":true,"href":"https:\/\/www.europesays.com\/se\/wp-json\/wp\/v2\/users\/2"}],"replies":[{"embeddable":true,"href":"https:\/\/www.europesays.com\/se\/wp-json\/wp\/v2\/comments?post=54445"}],"version-history":[{"count":0,"href":"https:\/\/www.europesays.com\/se\/wp-json\/wp\/v2\/posts\/54445\/revisions"}],"wp:featuredmedia":[{"embeddable":true,"href":"https:\/\/www.europesays.com\/se\/wp-json\/wp\/v2\/media\/54446"}],"wp:attachment":[{"href":"https:\/\/www.europesays.com\/se\/wp-json\/wp\/v2\/media?parent=54445"}],"wp:term":[{"taxonomy":"category","embeddable":true,"href":"https:\/\/www.europesays.com\/se\/wp-json\/wp\/v2\/categories?post=54445"},{"taxonomy":"post_tag","embeddable":true,"href":"https:\/\/www.europesays.com\/se\/wp-json\/wp\/v2\/tags?post=54445"}],"curies":[{"name":"wp","href":"https:\/\/api.w.org\/{rel}","templated":true}]}}