{"id":54447,"date":"2025-10-13T08:38:07","date_gmt":"2025-10-13T08:38:07","guid":{"rendered":"https:\/\/www.europesays.com\/se\/54447\/"},"modified":"2025-10-13T08:38:07","modified_gmt":"2025-10-13T08:38:07","slug":"sam-hallam-lamnar-tre-kronor-efter-sasongen","status":"publish","type":"post","link":"https:\/\/www.europesays.com\/se\/54447\/","title":{"rendered":"Sam Hallam l\u00e4mnar Tre Kronor efter s\u00e4songen"},"content":{"rendered":"<p>Tre Kronors f\u00f6rbundskapten Sam Hallam slutar efter den h\u00e4r s\u00e4songen. Hallam har meddelat Svenska Ishockeyf\u00f6rbundet att han inte vill f\u00f6rl\u00e4nga kontraktet som g\u00e5r ut i v\u00e5r. Det inneb\u00e4r att VM i maj blir hans sista turnering som f\u00f6rbundskapten.<\/p>\n<p>I ett pressmeddelande s\u00e4ger Hallam att han \u00e4r \u201doerh\u00f6rt stolt\u201d \u00f6ver att vara f\u00f6rbundskapten f\u00f6r Tre Kronor.<\/p>\n<p>\u201dSamtidigt k\u00e4nner jag att jag saknar den dagliga klubbmilj\u00f6n \u2013 att komma till hallen varje dag och jobba n\u00e4ra m\u00e4nniskorna \u00f6ver tid. D\u00e4rf\u00f6r vill jag g\u00e5 vidare efter den h\u00e4r s\u00e4songen.\u201d<\/p>\n<p>Sam Hallam har lett Tre Kronor sedan 2022.<\/p>\n<p>Omni \u00e4r politiskt obundna och oberoende. Vi str\u00e4var efter att ge fler perspektiv p\u00e5 nyheterna. Har du fr\u00e5gor eller synpunkter kring v\u00e5r rapportering? <a href=\"https:\/\/omni.se\/sam-hallam-lamnar-tre-kronor\/a\/mailto:redaktion@omni.se\" class=\"ArticleActions_contactLink__W2F1M\" rel=\"nofollow noopener\" target=\"_blank\">Kontakta redaktionen<\/a><\/p>\n","protected":false},"excerpt":{"rendered":"Tre Kronors f\u00f6rbundskapten Sam Hallam slutar efter den h\u00e4r s\u00e4songen. Hallam har meddelat Svenska Ishockeyf\u00f6rbundet att han inte&hellip;\n","protected":false},"author":2,"featured_media":54448,"comment_status":"","ping_status":"","sticky":false,"template":"","format":"standard","meta":{"footnotes":""},"categories":[5],"tags":[22,23,26,27,17,21,1472,5279,24,25,28,29,15,16,18,5278,34,31,33,32,30,19,20,5277],"class_list":{"0":"post-54447","1":"post","2":"type-post","3":"status-publish","4":"format-standard","5":"has-post-thumbnail","7":"category-rubriker","8":"tag-breaking-news","9":"tag-breakingnews","10":"tag-featured-news","11":"tag-featurednews","12":"tag-headlines","13":"tag-huvudnyheter","14":"tag-ishockey","15":"tag-ishockeyforbundet","16":"tag-latest-news","17":"tag-latestnews","18":"tag-main-news","19":"tag-mainnews","20":"tag-news","21":"tag-nyheter","22":"tag-rubriker","23":"tag-sam-hallam","24":"tag-se","25":"tag-svenska","26":"tag-sverige","27":"tag-sweden","28":"tag-swedish","29":"tag-top-stories","30":"tag-topstories","31":"tag-tre-kronor"},"share_on_mastodon":{"url":"","error":""},"_links":{"self":[{"href":"https:\/\/www.europesays.com\/se\/wp-json\/wp\/v2\/posts\/54447","targetHints":{"allow":["GET"]}}],"collection":[{"href":"https:\/\/www.europesays.com\/se\/wp-json\/wp\/v2\/posts"}],"about":[{"href":"https:\/\/www.europesays.com\/se\/wp-json\/wp\/v2\/types\/post"}],"author":[{"embeddable":true,"href":"https:\/\/www.europesays.com\/se\/wp-json\/wp\/v2\/users\/2"}],"replies":[{"embeddable":true,"href":"https:\/\/www.europesays.com\/se\/wp-json\/wp\/v2\/comments?post=54447"}],"version-history":[{"count":0,"href":"https:\/\/www.europesays.com\/se\/wp-json\/wp\/v2\/posts\/54447\/revisions"}],"wp:featuredmedia":[{"embeddable":true,"href":"https:\/\/www.europesays.com\/se\/wp-json\/wp\/v2\/media\/54448"}],"wp:attachment":[{"href":"https:\/\/www.europesays.com\/se\/wp-json\/wp\/v2\/media?parent=54447"}],"wp:term":[{"taxonomy":"category","embeddable":true,"href":"https:\/\/www.europesays.com\/se\/wp-json\/wp\/v2\/categories?post=54447"},{"taxonomy":"post_tag","embeddable":true,"href":"https:\/\/www.europesays.com\/se\/wp-json\/wp\/v2\/tags?post=54447"}],"curies":[{"name":"wp","href":"https:\/\/api.w.org\/{rel}","templated":true}]}}