{"id":54469,"date":"2025-10-13T08:56:09","date_gmt":"2025-10-13T08:56:09","guid":{"rendered":"https:\/\/www.europesays.com\/se\/54469\/"},"modified":"2025-10-13T08:56:09","modified_gmt":"2025-10-13T08:56:09","slug":"simon-forsmark-jagas-av-shl-konkurrenter","status":"publish","type":"post","link":"https:\/\/www.europesays.com\/se\/54469\/","title":{"rendered":"Simon Forsmark jagas av SHL-konkurrenter"},"content":{"rendered":"<p>Publicerad 13 okt 2025 kl 07.23Uppdaterad kl 10.37<\/p>\n<p>Succ\u00e9 f\u00f6rra s\u00e4songen.<\/p>\n<p>Den h\u00e4r s\u00e4songen n\u00e5got tyngre.<\/p>\n<p>Nu jagas 22-\u00e5rige backen Simon Forsmark av konkurrerande SHL-klubbar, n\u00e4r kontraktet l\u00f6per ut till v\u00e5ren.<\/p>\n<p>Enligt uppgifter till Expressen \u00e4r Malm\u00f6 ett av lagen som jagar h\u00e5rt.<\/p>\n<p>\u2013 Klart det hade varit en trygghet om man hade klart med n\u00e5got tidigt, s\u00e4ger Forsmark.<\/p>\n<p><img   alt=\"\"\/> <\/p>\n<p>Foto: MATHIAS BERGELD \/ BILDBYR\u00c5N<\/p>\n<p>\u00d6ppna bild i helsk\u00e4rm<\/p>\n<p>Han sp\u00e5ddes tidigt som en av de mer framst\u00e5ende 03-backarna i Sverige.<\/p>\n<p>Men det var tungt i \u00d6rebro, n\u00e4r Forsmark kom upp som junior.<\/p>\n<p>Det stora lyftet kom ist\u00e4llet n\u00e4r han gjorde en flytt till Medelpad och Timr\u00e5.<\/p>\n<p>F\u00f6rra h\u00f6sten var det tal om att NHL-klubben Carolina skulle plocka \u00f6ver honom.\u00a0<\/p>\n<p>\u2013 Jag trivs j\u00e4ttebra i Timr\u00e5, och med laget och att bo i stan, s\u00e4ger Forsmark.<\/p>\n<p>Hur ser du p\u00e5 \u00e5rets s\u00e4song?<\/p>\n<p>\u2013 Inte s\u00e5 j\u00e4ttebra. Okej, men har inte kommit ig\u00e5ng riktigt p\u00e5 samma s\u00e4tt, och har inte samma flow i grejerna. Jag f\u00f6rs\u00f6ker hitta tillbaka lite till det jag hade med att lita p\u00e5 mig sj\u00e4lv och k\u00e4nna att jag klarar av saker.<\/p>\n<p><strong>Har det varit n\u00e5gon skillnad f\u00f6r dig med ny tr\u00e4nare i Tommy Samuelsson, ist\u00e4llet f\u00f6r Olli Jokinen?<\/strong><\/p>\n<p>\u2013 Det tror jag inte \u00e4r en faktor. Det handlar mer om mig sj\u00e4lv och att hitta tillbaka till det, s\u00e4ger Simon Forsmark.<\/p>\n<p>Spelar med utg\u00e5ende kontrakt<\/p>\n<p>F\u00f6r f\u00f6rsta g\u00e5ngen under seniorkarri\u00e4ren s\u00e5 spelar nu backen med ett kontrakt som l\u00f6per ut.<\/p>\n<p>30 april 2026 har Simon Forsmark inte klart med vilken klubb han tillh\u00f6r.<\/p>\n<p>Det kan bli en forts\u00e4ttning i Timr\u00e5, men det kan ocks\u00e5 bli en flytt n\u00e5gon annanstans.<\/p>\n<p>Malm\u00f6, som Timr\u00e5 slog i l\u00f6rdags med 2-1 p\u00e5 bortaplan \u00e4r en av klubbarna som visat starkast intresse, enligt Expressens uppgifter.\u00a0<\/p>\n<p>\u2013 Det hade jag ingen aning om. Jag har inte t\u00e4nkt s\u00e5 mycket p\u00e5 framtiden, utan f\u00f6rs\u00f6ker ta varje match och bli b\u00e4ttre. Jag \u00e4r fortfarande ung och vill utvecklas hela tiden. Sedan f\u00e5r agenten se vad han hittar, s\u00e4ger Simon Forsmark.<\/p>\n<p><strong>Kommer du att g\u00f6ra klart med n\u00e5gonting tidigt f\u00f6r n\u00e4sta s\u00e4song?<\/strong><\/p>\n<p>\u2013 Det \u00e4r alltid en trygghet att g\u00f6ra det, t\u00e4nker jag. Det \u00e4r f\u00f6rsta g\u00e5ngen jag \u00e4r kontraktsl\u00f6s, s\u00e5 jag vet inte riktigt hur man g\u00f6r. Jag antar att min laget f\u00e5r jobba, och snacka med de som \u00e4r intresserade, och sedan f\u00e5r vi ta det d\u00e4rifr\u00e5n.<\/p>\n<p><strong>Har \u201dNubben\u201d (Kent Norberg, sportchef) aviserat att han vill ha kvar dig?<\/strong><\/p>\n<p>\u2013 Jag har inte pratat med \u201dNubben\u201d om det. Men kommer det n\u00e4rmre n\u00e4r min agent gjort sitt jobb, s\u00e5 antar jag att det kommer, s\u00e4ger Simon Forsmark.<\/p>\n<p><strong>H\u00f6r mer i m\u00e5ndagens avsnitt av Sanny &amp; Svensson:<\/strong><\/p>\n<p><img alt=\"\"\/>Ljudklippet gick inte att spela upp<\/p>\n<p>F\u00f6rs\u00f6k igen senare<\/p>\n","protected":false},"excerpt":{"rendered":"Publicerad 13 okt 2025 kl 07.23Uppdaterad kl 10.37 Succ\u00e9 f\u00f6rra s\u00e4songen. Den h\u00e4r s\u00e4songen n\u00e5got tyngre. Nu jagas&hellip;\n","protected":false},"author":2,"featured_media":54470,"comment_status":"","ping_status":"","sticky":false,"template":"","format":"standard","meta":{"footnotes":""},"categories":[68],"tags":[2735,1179,2154,34,255,823,111,110,31,33,32,30],"class_list":{"0":"post-54469","1":"post","2":"type-post","3":"status-publish","4":"format-standard","5":"has-post-thumbnail","7":"category-sport","8":"tag-organization-malmo-redhawks","9":"tag-organization-shl","10":"tag-organization-timra-ik","11":"tag-se","12":"tag-sections-ishockey","13":"tag-sections-shl","14":"tag-sport","15":"tag-sports","16":"tag-svenska","17":"tag-sverige","18":"tag-sweden","19":"tag-swedish"},"share_on_mastodon":{"url":"","error":""},"_links":{"self":[{"href":"https:\/\/www.europesays.com\/se\/wp-json\/wp\/v2\/posts\/54469","targetHints":{"allow":["GET"]}}],"collection":[{"href":"https:\/\/www.europesays.com\/se\/wp-json\/wp\/v2\/posts"}],"about":[{"href":"https:\/\/www.europesays.com\/se\/wp-json\/wp\/v2\/types\/post"}],"author":[{"embeddable":true,"href":"https:\/\/www.europesays.com\/se\/wp-json\/wp\/v2\/users\/2"}],"replies":[{"embeddable":true,"href":"https:\/\/www.europesays.com\/se\/wp-json\/wp\/v2\/comments?post=54469"}],"version-history":[{"count":0,"href":"https:\/\/www.europesays.com\/se\/wp-json\/wp\/v2\/posts\/54469\/revisions"}],"wp:featuredmedia":[{"embeddable":true,"href":"https:\/\/www.europesays.com\/se\/wp-json\/wp\/v2\/media\/54470"}],"wp:attachment":[{"href":"https:\/\/www.europesays.com\/se\/wp-json\/wp\/v2\/media?parent=54469"}],"wp:term":[{"taxonomy":"category","embeddable":true,"href":"https:\/\/www.europesays.com\/se\/wp-json\/wp\/v2\/categories?post=54469"},{"taxonomy":"post_tag","embeddable":true,"href":"https:\/\/www.europesays.com\/se\/wp-json\/wp\/v2\/tags?post=54469"}],"curies":[{"name":"wp","href":"https:\/\/api.w.org\/{rel}","templated":true}]}}