{"id":54499,"date":"2025-10-13T09:20:07","date_gmt":"2025-10-13T09:20:07","guid":{"rendered":"https:\/\/www.europesays.com\/se\/54499\/"},"modified":"2025-10-13T09:20:07","modified_gmt":"2025-10-13T09:20:07","slug":"at-mer-och-ga-ner-i-vikt-19-livsmedel-som-branner-fett","status":"publish","type":"post","link":"https:\/\/www.europesays.com\/se\/54499\/","title":{"rendered":"\u00c4t mer och g\u00e5 ner i vikt \u2013 19 livsmedel som br\u00e4nner fett"},"content":{"rendered":"<p>Publicerad 13 okt 2025 kl 11.00<\/p>\n<p> Premium \u00c4t mer OCH g\u00e5 ner i vikt.<\/p>\n<p>\u00c4r det verkligen m\u00f6jligt?<\/p>\n<p>Svar: Ja.<\/p>\n<p>Och vad som \u00e4r \u00e4nnu b\u00e4ttre:<\/p>\n<p>\u2013 Den b\u00e4sta maten f\u00f6r vikt och h\u00e4lsa finns h\u00e4r hemma, s\u00e4ger n\u00e4ringsfysiologen Fredrik Paul\u00fan.\u00a0<\/p>\n<p>H\u00e4r tipsar han om de svenska livsmedlen som \u00f6kar fettf\u00f6rbr\u00e4nningen.<\/p>\n<p><img   alt=\"Genom att \u00e4ta r\u00e4tt kan du \u00e4ta mer \u2013 och g\u00e5 ner i vikt.\"\/><\/p>\n<p>Genom att \u00e4ta r\u00e4tt kan du \u00e4ta mer \u2013 och g\u00e5 ner i vikt. Foto: Prostock-studio\/Shutterstock<\/p>\n","protected":false},"excerpt":{"rendered":"Publicerad 13 okt 2025 kl 11.00 Premium \u00c4t mer OCH g\u00e5 ner i vikt. \u00c4r det verkligen m\u00f6jligt?&hellip;\n","protected":false},"author":2,"featured_media":54500,"comment_status":"","ping_status":"","sticky":false,"template":"","format":"standard","meta":{"footnotes":""},"categories":[69],"tags":[5280,279,5281,113,112,1140,34,31,33,32,30],"class_list":{"0":"post-54499","1":"post","2":"type-post","3":"status-publish","4":"format-standard","5":"has-post-thumbnail","7":"category-halsa","8":"tag-diet-bantning","9":"tag-folkhalsa","10":"tag-fredrik-paulun","11":"tag-halsa","12":"tag-health","13":"tag-kostrad","14":"tag-se","15":"tag-svenska","16":"tag-sverige","17":"tag-sweden","18":"tag-swedish"},"share_on_mastodon":{"url":"","error":""},"_links":{"self":[{"href":"https:\/\/www.europesays.com\/se\/wp-json\/wp\/v2\/posts\/54499","targetHints":{"allow":["GET"]}}],"collection":[{"href":"https:\/\/www.europesays.com\/se\/wp-json\/wp\/v2\/posts"}],"about":[{"href":"https:\/\/www.europesays.com\/se\/wp-json\/wp\/v2\/types\/post"}],"author":[{"embeddable":true,"href":"https:\/\/www.europesays.com\/se\/wp-json\/wp\/v2\/users\/2"}],"replies":[{"embeddable":true,"href":"https:\/\/www.europesays.com\/se\/wp-json\/wp\/v2\/comments?post=54499"}],"version-history":[{"count":0,"href":"https:\/\/www.europesays.com\/se\/wp-json\/wp\/v2\/posts\/54499\/revisions"}],"wp:featuredmedia":[{"embeddable":true,"href":"https:\/\/www.europesays.com\/se\/wp-json\/wp\/v2\/media\/54500"}],"wp:attachment":[{"href":"https:\/\/www.europesays.com\/se\/wp-json\/wp\/v2\/media?parent=54499"}],"wp:term":[{"taxonomy":"category","embeddable":true,"href":"https:\/\/www.europesays.com\/se\/wp-json\/wp\/v2\/categories?post=54499"},{"taxonomy":"post_tag","embeddable":true,"href":"https:\/\/www.europesays.com\/se\/wp-json\/wp\/v2\/tags?post=54499"}],"curies":[{"name":"wp","href":"https:\/\/api.w.org\/{rel}","templated":true}]}}