{"id":54630,"date":"2025-10-13T11:40:43","date_gmt":"2025-10-13T11:40:43","guid":{"rendered":"https:\/\/www.europesays.com\/se\/54630\/"},"modified":"2025-10-13T11:40:43","modified_gmt":"2025-10-13T11:40:43","slug":"liquid-wind-beviljas-39-miljoner-kronor-fran-industriklivet-for-elektrobransle-projekt-i-ornskoldsvik","status":"publish","type":"post","link":"https:\/\/www.europesays.com\/se\/54630\/","title":{"rendered":"Liquid Wind beviljas 39 miljoner kronor fr\u00e5n Industriklivet f\u00f6r elektrobr\u00e4nsle-projekt i \u00d6rnsk\u00f6ldsvik"},"content":{"rendered":"<p>&#13;<br \/>\n                        &#13;<br \/>\n&#13;<br \/>\n&#13;<\/p>\n<p><strong>Liquid Wind har beviljats st\u00f6d fr\u00e5n Industriklivet, Energimyndighetens program f\u00f6r fr\u00e4mjandet av den svenska industrins gr\u00f6na omst\u00e4llning. Finansieringen uppg\u00e5r till 39 miljoner kronor och avser f\u00f6rprojektering av f\u00f6retagets storskaliga e-metanol-anl\u00e4ggning i \u00d6rnsk\u00f6ldsvik.<\/strong><\/p>\n<p>&#13;<\/p>\n<p style=\"margin-bottom:16px;margin-top:12px;\">Energimyndigheten bed\u00f6mer att projektet ger en stabil grund f\u00f6r att Liquid Wind ska kunna g\u00e5 vidare mot ett investeringsbeslut f\u00f6r den planerade elektrobr\u00e4nsleanl\u00e4ggningen. Projektet f\u00f6rv\u00e4ntas bana v\u00e4g f\u00f6r framtida investeringar som kraftigt minskar koldioxidutsl\u00e4ppen genom att ers\u00e4tta fossila br\u00e4nslen i sv\u00e5romst\u00e4llda sektorer som sj\u00f6fart, flyg och kemisk industri.<\/p>\n<p style=\"margin-bottom:16px; margin-top:16px;\">Enligt myndigheten ligger projektets m\u00e5l och forskningsfokus i linje med Industriklivet \u2013 att driva omst\u00e4llningen mot l\u00e4gre koldioxidutsl\u00e4pp och en mer h\u00e5llbar industrisektor.<\/p>\n<p style=\"margin-bottom:16px; margin-top:16px;\">\u201cVi \u00e4r glada \u00f6ver att f\u00e5 st\u00f6d fr\u00e5n Industriklivet f\u00f6r v\u00e5rt projekt i \u00d6rnsk\u00f6ldsvik. Det \u00e4r ett starkt st\u00e4llningstagande fr\u00e5n svenska staten som inte bara p\u00e5skyndar \u00f6verg\u00e5ngen till fossilfri elektrobr\u00e4nsleproduktion i Sverige, utan ocks\u00e5 skickar en tydlig signal till internationella investerare och k\u00f6pare. Det \u00e4r ett viktigt erk\u00e4nnande av v\u00e5r vision att skala upp lokal och resilient br\u00e4nslef\u00f6rs\u00f6rjning i Europa,\u201d s\u00e4ger Claes Fredriksson, VD och grundare av Liquid Wind.<\/p>\n<p style=\"margin-bottom:16px; margin-top:16px;\">Den planerade anl\u00e4ggningen kommer att integreras med \u00d6vik Energis biobr\u00e4nslebaserade kraftv\u00e4rmeverk* vilket skapar ett mycket effektivt och cirkul\u00e4rt energisystem. Med hj\u00e4lp av f\u00f6rnybar el kommer anl\u00e4ggningen att producera gr\u00f6n v\u00e4tgas genom elektrolys och kombinera detta med 150 000 ton inf\u00e5ngad biogen CO\u2082 fr\u00e5n kraftv\u00e4rmeverket f\u00f6r att producera 100 000 ton e-metanol per \u00e5r. Detta m\u00f6jligg\u00f6r undvikande av 200 000 ton CO\u2082e \u00e5rligen.<\/p>\n<p style=\"margin-bottom:16px; margin-top:16px;\"><img decoding=\"async\" alt=\"\" src=\"https:\/\/www.europesays.com\/se\/wp-content\/uploads\/2025\/10\/806520ae33cec679_800x800ar.png\"\/><\/p>\n<p style=\"margin-bottom:16px; margin-top:16px;\">Infografik: Produktionsprocess f\u00f6r e-metanol, Liquid Wind<\/p>\n<p style=\"margin-bottom:16px; margin-top:16px;\">Genom att ers\u00e4tta fossila br\u00e4nslen inom transport och industri kommer anl\u00e4ggningen att bidra avsev\u00e4rt till minskade utsl\u00e4pp och st\u00e4rka \u00d6rnsk\u00f6ldsviks roll som en f\u00f6reg\u00e5ngare i Sveriges gr\u00f6na energiomst\u00e4llning.<\/p>\n<p style=\"margin-bottom:16px; margin-top:16px;\">*Kraftv\u00e4rmeverket eldas i huvudsak med restprodukter fr\u00e5n skogsindustrin.\u00a0<\/p>\n<p>Liquid Wind:s elektrobr\u00e4nsle-projekt finansieras genom Industriklivet, som ing\u00e5r i EU:s Facilitet f\u00f6r \u00e5terh\u00e4mtning och resiliens (The Recovery and Resilience Facility, RRF). RRF \u00e4r ett inslag i Next Generation EU. Industriklivet \u00e4r en regeringssatsning som drivs av Energimyndigheten.\u00a0<\/p>\n<p><img decoding=\"async\" alt=\"\" src=\"https:\/\/www.europesays.com\/se\/wp-content\/uploads\/2025\/10\/9d86163baa2cedc3_800x800ar.png\"\/><\/p>\n<p>+++\u00a0<\/p>\n<p><strong>Presskontakt\u00a0<\/strong><\/p>\n<p>Klaudija Cavala, Head of PR, Marketing &amp; Communications\u00a0<br \/><a href=\"https:\/\/news.cision.com\/se\/liquid-wind\/r\/mailto:media@liquidwind.com\" target=\"_blank\" rel=\"nofollow noopener\">media@liquidwind.com<\/a><\/p>\n<p><strong>Om Liquid Wind\u00a0<\/strong><\/p>\n<p><a href=\"https:\/\/www.liquidwind.se\/\" target=\"_blank\" rel=\"nofollow noopener\">Liquid Wind<\/a> \u00e4r en ledande utvecklare av produktionsanl\u00e4ggningar f\u00f6r elektrobr\u00e4nslen med m\u00e5let att minska v\u00e4rldens beroende av fossila br\u00e4nslen. Liquid Wind har en gedigen pipeline av anl\u00e4ggningsprojekt under utveckling med m\u00e5let att n\u00e5 10 projekt \u00e5r 2027. Med huvudkontor i G\u00f6teborg och n\u00e4rvaro i Danmark och Finland, har Liquid Wind ca. 70 anst\u00e4llda och en stark grupp av investerare i Alfa Laval, Carbon Clean, Elyse Energy, HYCAP, Samsung Ventures, Siemens Energy, Topsoe och Uniper.\u00a0<\/p>\n<p>Bes\u00f6k <a href=\"https:\/\/www.liquidwind.com\/\" target=\"_blank\" rel=\"nofollow noopener\">liquidwind.com<\/a> eller f\u00f6lj oss p\u00e5 <a href=\"https:\/\/www.linkedin.com\/company\/liquid-wind\" target=\"_blank\" rel=\"nofollow noopener\">LinkedIn.<\/a><\/p>\n<p>&#13;<br \/>\n&#13;<br \/>\n&#13;<br \/>\n&#13;<\/p>\n<p><strong>Taggar:<\/strong><\/p>\n<p>&#13;<br \/>\n&#13;<br \/>\n&#13;<\/p>\n","protected":false},"excerpt":{"rendered":"&#13; &#13; &#13; &#13; Liquid Wind har beviljats st\u00f6d fr\u00e5n Industriklivet, Energimyndighetens program f\u00f6r fr\u00e4mjandet av den svenska&hellip;\n","protected":false},"author":2,"featured_media":54631,"comment_status":"","ping_status":"","sticky":false,"template":"","format":"standard","meta":{"footnotes":""},"categories":[65],"tags":[5283,5289,5290,72,5285,70,71,5286,4211,5284,5287,5288,34,31,33,32,30],"class_list":{"0":"post-54630","1":"post","2":"type-post","3":"status-publish","4":"format-standard","5":"has-post-thumbnail","7":"category-ekonomi","8":"tag-rnskldsvik","9":"tag-vik-energi","10":"tag-biogen-co2","11":"tag-business","12":"tag-claes-fredriksson","13":"tag-economy","14":"tag-ekonomi","15":"tag-elektrobrnsle","16":"tag-energimyndigheten","17":"tag-fossilfritt-brnsle","18":"tag-industriklivet","19":"tag-liquid-wind","20":"tag-se","21":"tag-svenska","22":"tag-sverige","23":"tag-sweden","24":"tag-swedish"},"share_on_mastodon":{"url":"","error":""},"_links":{"self":[{"href":"https:\/\/www.europesays.com\/se\/wp-json\/wp\/v2\/posts\/54630","targetHints":{"allow":["GET"]}}],"collection":[{"href":"https:\/\/www.europesays.com\/se\/wp-json\/wp\/v2\/posts"}],"about":[{"href":"https:\/\/www.europesays.com\/se\/wp-json\/wp\/v2\/types\/post"}],"author":[{"embeddable":true,"href":"https:\/\/www.europesays.com\/se\/wp-json\/wp\/v2\/users\/2"}],"replies":[{"embeddable":true,"href":"https:\/\/www.europesays.com\/se\/wp-json\/wp\/v2\/comments?post=54630"}],"version-history":[{"count":0,"href":"https:\/\/www.europesays.com\/se\/wp-json\/wp\/v2\/posts\/54630\/revisions"}],"wp:featuredmedia":[{"embeddable":true,"href":"https:\/\/www.europesays.com\/se\/wp-json\/wp\/v2\/media\/54631"}],"wp:attachment":[{"href":"https:\/\/www.europesays.com\/se\/wp-json\/wp\/v2\/media?parent=54630"}],"wp:term":[{"taxonomy":"category","embeddable":true,"href":"https:\/\/www.europesays.com\/se\/wp-json\/wp\/v2\/categories?post=54630"},{"taxonomy":"post_tag","embeddable":true,"href":"https:\/\/www.europesays.com\/se\/wp-json\/wp\/v2\/tags?post=54630"}],"curies":[{"name":"wp","href":"https:\/\/api.w.org\/{rel}","templated":true}]}}