{"id":54634,"date":"2025-10-13T11:43:10","date_gmt":"2025-10-13T11:43:10","guid":{"rendered":"https:\/\/www.europesays.com\/se\/54634\/"},"modified":"2025-10-13T11:43:10","modified_gmt":"2025-10-13T11:43:10","slug":"zelmerlows-skilsmassa-pa-is","status":"publish","type":"post","link":"https:\/\/www.europesays.com\/se\/54634\/","title":{"rendered":"Zelmerl\u00f6ws skilsm\u00e4ssa p\u00e5 is"},"content":{"rendered":"<p>Publicerad 13 okt 2025 kl 13.28<\/p>\n<p>I mars ans\u00f6kte M\u00e5ns Zelmerl\u00f6w och Ciara Janson om skilsm\u00e4ssa.<\/p>\n<p>Nu s\u00e4tts den p\u00e5 is, enligt handlingar hos tingsr\u00e4tten.\u00a0<\/p>\n<p><img loading=\"lazy\"   alt=\"\"\/><\/p>\n<p>Ciara och M\u00e5ns var tidigare ett par.<\/p>\n<p>Foto: Karin T\u00f6rnblom \/ IBL<\/p>\n<p>\u00d6ppna bild i helsk\u00e4rm<img loading=\"lazy\"   alt=\"\"\/> <\/p>\n<p>Foto: KARIN T\u00d6RNBLOM \/ IBL<\/p>\n<p>\u00d6ppna bild i helsk\u00e4rm<img loading=\"lazy\"   alt=\"\"\/><\/p>\n<p>M\u00e5ns Zelmerl\u00f6w.<\/p>\n<p>Foto: Karin T\u00f6rnblom \/ IBL<\/p>\n<p>\u00d6ppna bild i helsk\u00e4rm<\/p>\n<p>15 mars skickade M\u00e5ns Zelmerl\u00f6w in en ans\u00f6kan om att skilja sig fr\u00e5n Ciara Janson.<br \/>Expressen kunde sen ber\u00e4tta att Ciara Janson ocks\u00e5 hade skickat in en ans\u00f6kan \u2013 men i Storbritannien, dagar f\u00f6re M\u00e5ns.\u00a0<\/p>\n<p>Nu har skilsm\u00e4ssan satts p\u00e5 is efter att ex-paret inte kunnat komma \u00f6verens om den ska avg\u00f6ras i Storbritannien eller Sverige.\u00a0<\/p>\n<p>I st\u00e4llet ska en domstol i Storbritannien avg\u00f6ra fr\u00e5gan.\u00a0<\/p>\n<p>\u201dEnligt uppgift fr\u00e5n Ciara Zelmerl\u00f6ws engelska ombud \u00e4r parterna s\u00e5ledes \u00f6verens om att vilandef\u00f6rklara processen i Sverige i avvaktan att den engelska domstolen avg\u00f6r fr\u00e5gan om l\u00e4mplig jurisdiktion\u201d, skriver Zelmerl\u00f6ws advokat Minna Bostr\u00f6m i ett mejl till tingsr\u00e4tten, som Expressen tagit del av.\u00a0<\/p>\n<p>B\u00e5de Janson och Zelmerl\u00f6w ska nu l\u00e4gga fram sina argument om varf\u00f6r skilsm\u00e4ssan ska avg\u00f6ras i sina respektive hemland. Sen kommer en f\u00f6rhandling ske och efter det kommer ett beslut.\u00a0<\/p>\n","protected":false},"excerpt":{"rendered":"Publicerad 13 okt 2025 kl 13.28 I mars ans\u00f6kte M\u00e5ns Zelmerl\u00f6w och Ciara Janson om skilsm\u00e4ssa. Nu s\u00e4tts&hellip;\n","protected":false},"author":2,"featured_media":54635,"comment_status":"","ping_status":"","sticky":false,"template":"","format":"standard","meta":{"footnotes":""},"categories":[5],"tags":[22,23,26,27,17,21,24,25,28,29,15,16,508,18,34,31,33,32,30,19,20],"class_list":{"0":"post-54634","1":"post","2":"type-post","3":"status-publish","4":"format-standard","5":"has-post-thumbnail","7":"category-rubriker","8":"tag-breaking-news","9":"tag-breakingnews","10":"tag-featured-news","11":"tag-featurednews","12":"tag-headlines","13":"tag-huvudnyheter","14":"tag-latest-news","15":"tag-latestnews","16":"tag-main-news","17":"tag-mainnews","18":"tag-news","19":"tag-nyheter","20":"tag-person-mans-zelmerlow","21":"tag-rubriker","22":"tag-se","23":"tag-svenska","24":"tag-sverige","25":"tag-sweden","26":"tag-swedish","27":"tag-top-stories","28":"tag-topstories"},"share_on_mastodon":{"url":"","error":""},"_links":{"self":[{"href":"https:\/\/www.europesays.com\/se\/wp-json\/wp\/v2\/posts\/54634","targetHints":{"allow":["GET"]}}],"collection":[{"href":"https:\/\/www.europesays.com\/se\/wp-json\/wp\/v2\/posts"}],"about":[{"href":"https:\/\/www.europesays.com\/se\/wp-json\/wp\/v2\/types\/post"}],"author":[{"embeddable":true,"href":"https:\/\/www.europesays.com\/se\/wp-json\/wp\/v2\/users\/2"}],"replies":[{"embeddable":true,"href":"https:\/\/www.europesays.com\/se\/wp-json\/wp\/v2\/comments?post=54634"}],"version-history":[{"count":0,"href":"https:\/\/www.europesays.com\/se\/wp-json\/wp\/v2\/posts\/54634\/revisions"}],"wp:featuredmedia":[{"embeddable":true,"href":"https:\/\/www.europesays.com\/se\/wp-json\/wp\/v2\/media\/54635"}],"wp:attachment":[{"href":"https:\/\/www.europesays.com\/se\/wp-json\/wp\/v2\/media?parent=54634"}],"wp:term":[{"taxonomy":"category","embeddable":true,"href":"https:\/\/www.europesays.com\/se\/wp-json\/wp\/v2\/categories?post=54634"},{"taxonomy":"post_tag","embeddable":true,"href":"https:\/\/www.europesays.com\/se\/wp-json\/wp\/v2\/tags?post=54634"}],"curies":[{"name":"wp","href":"https:\/\/api.w.org\/{rel}","templated":true}]}}