{"id":54650,"date":"2025-10-13T12:00:25","date_gmt":"2025-10-13T12:00:25","guid":{"rendered":"https:\/\/www.europesays.com\/se\/54650\/"},"modified":"2025-10-13T12:00:25","modified_gmt":"2025-10-13T12:00:25","slug":"insandare-omgivningens-stod-ar-en-livlina-vasterbottningen","status":"publish","type":"post","link":"https:\/\/www.europesays.com\/se\/54650\/","title":{"rendered":"Ins\u00e4ndare: Omgivningens st\u00f6d \u00e4r en livlina &#8211; V\u00e4sterbottningen"},"content":{"rendered":"<ol>\n<li><a href=\"https:\/\/news.google.com\/rss\/articles\/CBMilAFBVV95cUxNM25rSVJNWWFZQVRmdlpoampoZG8wSHBzTXFCQnJVZFE0YWZYcVhFR19yR2lIakN6UkVkT05Wc0taM3RxVEFnMEYxTTA4M3FtWlJJTVdpYVlDb1R4MElTY0RDTGMxSkM2Nm9HVTNHN3dKYmR0ZzgwekJ0ZmkxNUE5cHJ2XzFlckxDUXp4TFhWeGczRzJl?oc=5\" target=\"_blank\" rel=\"nofollow noopener\">Ins\u00e4ndare: Omgivningens st\u00f6d \u00e4r en livlina<\/a>&nbsp;&nbsp;V\u00e4sterbottningen<\/li>\n<li><a href=\"https:\/\/news.google.com\/rss\/articles\/CBMicEFVX3lxTE0xQThkMDBKLTB4SE5Mck5BczhNNkdoYS1zdjgzc3RHOXZxb3RXMUR5Z3pUWHNpdW94My1EVExYVzJRLVUyTV9fX2RveHJfZVkyYzRCYmhJYlFlVlRRdmF6SjA2cGJMeTYtYXcwa2hSMnc?oc=5\" target=\"_blank\" rel=\"nofollow noopener\">DEBATT: St\u00e4ndig tr\u00f6tthet \u2013 s\u00e5 kan du st\u00f6tta<\/a>&nbsp;&nbsp;Nerikes Allehanda<\/li>\n<li><a href=\"https:\/\/news.google.com\/rss\/articles\/CBMiY0FVX3lxTE9qVlA5RFhHVnhRVHA4STBPaDVqdG5kUjVCSHNmMzNEQTNiSGFlc01tcHBRbmNJa3hZS0hIOWpXWXY4R19wanFodkNIMDIxOG1qRlBacWwtN2xORDZVeTZHdnZaOA?oc=5\" target=\"_blank\" rel=\"nofollow noopener\">5 snabba fr\u00e5gor om reumatologi<\/a>&nbsp;&nbsp;Ume\u00e5 universitet<\/li>\n<li><a href=\"https:\/\/news.google.com\/rss\/articles\/CBMipgFBVV95cUxOZVBZR2ppdGRRTnp1c3dRTUJNaVN6WEUzR0Zmc3NUWFVLbDAtVlh2ZE1wd2MyM2NyNHMxV1p6a1Uxc01tM0UzUG1vYnM3VnF5bmFhMjFmbnlmbG1PUUttXzVvMUVqZGxRZ2JSRm1tNmFTSTdyZGxuRnU4aE1oT2FEWnBSMmxBUHJhSE5JcTNuem5kVkh6OC1HdERCTWItdFFZSXF3eTlR?oc=5\" target=\"_blank\" rel=\"nofollow noopener\">Ins\u00e4ndare: Omgivningens st\u00f6d \u00e4r en livlina f\u00f6r personer med fatigue<\/a>&nbsp;&nbsp;Arvika Nyheter<\/li>\n<li><a href=\"https:\/\/news.google.com\/rss\/articles\/CBMic0FVX3lxTE5ieHVTLU1tU3M3akdYbDB5ZEZKNzA5QmwtQ2toeDVZdDhtaVNvTDVpdHUyS21QVDFGSzY1TUxFYmlUWU15NHk4TlA2Q3llbzdHMWxLSS1mc3RKb2Nsd2VYSjlQXzVWN3JYcUFuMTZZOXg0OUE?oc=5\" target=\"_blank\" rel=\"nofollow noopener\">Reumatikerf\u00f6rbundet st\u00f6ttar juniora forskare i s\u00e4rskild satsning p\u00e5 reumatiska systemsjukdomar<\/a>&nbsp;&nbsp;it-halsa.se<\/li>\n<\/ol>\n","protected":false},"excerpt":{"rendered":"Ins\u00e4ndare: Omgivningens st\u00f6d \u00e4r en livlina&nbsp;&nbsp;V\u00e4sterbottningen DEBATT: St\u00e4ndig tr\u00f6tthet \u2013 s\u00e5 kan du st\u00f6tta&nbsp;&nbsp;Nerikes Allehanda 5 snabba fr\u00e5gor&hellip;\n","protected":false},"author":2,"featured_media":54651,"comment_status":"","ping_status":"","sticky":false,"template":"","format":"standard","meta":{"footnotes":""},"categories":[69],"tags":[113,112,34,31,33,32,30],"class_list":{"0":"post-54650","1":"post","2":"type-post","3":"status-publish","4":"format-standard","5":"has-post-thumbnail","7":"category-halsa","8":"tag-halsa","9":"tag-health","10":"tag-se","11":"tag-svenska","12":"tag-sverige","13":"tag-sweden","14":"tag-swedish"},"share_on_mastodon":{"url":"","error":""},"_links":{"self":[{"href":"https:\/\/www.europesays.com\/se\/wp-json\/wp\/v2\/posts\/54650","targetHints":{"allow":["GET"]}}],"collection":[{"href":"https:\/\/www.europesays.com\/se\/wp-json\/wp\/v2\/posts"}],"about":[{"href":"https:\/\/www.europesays.com\/se\/wp-json\/wp\/v2\/types\/post"}],"author":[{"embeddable":true,"href":"https:\/\/www.europesays.com\/se\/wp-json\/wp\/v2\/users\/2"}],"replies":[{"embeddable":true,"href":"https:\/\/www.europesays.com\/se\/wp-json\/wp\/v2\/comments?post=54650"}],"version-history":[{"count":0,"href":"https:\/\/www.europesays.com\/se\/wp-json\/wp\/v2\/posts\/54650\/revisions"}],"wp:featuredmedia":[{"embeddable":true,"href":"https:\/\/www.europesays.com\/se\/wp-json\/wp\/v2\/media\/54651"}],"wp:attachment":[{"href":"https:\/\/www.europesays.com\/se\/wp-json\/wp\/v2\/media?parent=54650"}],"wp:term":[{"taxonomy":"category","embeddable":true,"href":"https:\/\/www.europesays.com\/se\/wp-json\/wp\/v2\/categories?post=54650"},{"taxonomy":"post_tag","embeddable":true,"href":"https:\/\/www.europesays.com\/se\/wp-json\/wp\/v2\/tags?post=54650"}],"curies":[{"name":"wp","href":"https:\/\/api.w.org\/{rel}","templated":true}]}}