{"id":54662,"date":"2025-10-13T12:10:11","date_gmt":"2025-10-13T12:10:11","guid":{"rendered":"https:\/\/www.europesays.com\/se\/54662\/"},"modified":"2025-10-13T12:10:11","modified_gmt":"2025-10-13T12:10:11","slug":"olivia-schoughs-beslut-om-brollopet-med-caroline-seger-vacker-reaktioner","status":"publish","type":"post","link":"https:\/\/www.europesays.com\/se\/54662\/","title":{"rendered":"Olivia Schoughs beslut om br\u00f6llopet med Caroline Seger v\u00e4cker reaktioner"},"content":{"rendered":"<p>I Italien undrar de varf\u00f6r Olivia Schough, 34, inte har gift sig \u00e4n.<\/p>\n<p>Br\u00f6llopet med Caroline Seger har skjutits upp \u2013 hon har ju fortfarande massor av fotboll kvar att spela.<\/p>\n<p>\u2013 Att bli uttagen till landslaget nu hade varit som att bli uttagen f\u00f6r f\u00f6rsta g\u00e5ngen, s\u00e4ger Interspelaren.<\/p>\n<p><img   alt=\"\"\/> <\/p>\n<p>Foto: Vendela \u00d6gren<\/p>\n<p>\u00d6ppna bild i helsk\u00e4rm<\/p>\n<p><a href=\"https:\/\/www.expressen.se\/tagg\/person\/olivia-schough\/\" class=\"\" rel=\"nofollow noopener\" target=\"_blank\">Olivia Schough<\/a> kommer p\u00e5 cykel till Inters tr\u00e4ningsanl\u00e4ggning.<\/p>\n<p>\u2013 Italienskorna tycker jag \u00e4r galen som cyklar, s\u00e4ger hon och skrattar.<\/p>\n<p>Cykeln har mindre hjul, g\u00e5r p\u00e5 el och g\u00e5r att vika ihop. Om det beh\u00f6vs kan hon sl\u00e4nga in den i en bil.<\/p>\n<p>\u2013 Det var viktigt f\u00f6r mig, jag vill inte \u00e5ka bil. Storst\u00e4der \u00e4r egentligen inte min grej. Jag \u00e4r f\u00f6dd och uppvuxen p\u00e5 landet och \u00e4lskar natur. Men jag b\u00f6rjar komma in i det h\u00e4r livet. Det \u00e4r en himla frihet att kunna ta sig med cykel.<\/p>\n<p>Italienskan var sv\u00e5rare att l\u00e4ra sig \u00e4n vad hon t\u00e4nkt men 34-\u00e5ringen har b\u00f6rjat \u00e4lska livet i Milano.<\/p>\n<p>\u2013 Maten och v\u00e4dret, det \u00e4r klart att det \u00e4r h\u00e4rligt. Jag trivs j\u00e4ttebra.<\/p>\n<p>F\u00f6rsta g\u00e5ngen p\u00e5 \u00f6ver tio \u00e5r<\/p>\n<p>F\u00f6rra vintern l\u00e4mnade Schough Roseng\u00e5rd och Sverige. Senast hon spelade utomlands var 2014.<\/p>\n<p>\u2013 Jag var lite mer redo den h\u00e4r g\u00e5ngen \u00e4n vad jag var f\u00f6r tio \u00e5r sen s\u00e5 klart. Mycket mer lugn i mig sj\u00e4lv. Jag var inte nerv\u00f6s \u00f6ver att \u00e5ka hit utan bara redo f\u00f6r en ny uppgift i karri\u00e4ren.<\/p>\n<p><img loading=\"lazy\"   alt=\"\"\/><\/p>\n<p>Det blev tre SM-guld och fyra \u00e5r i Roseng\u00e5rd.<\/p>\n<p>Foto: Vendela \u00d6gren<\/p>\n<p>\u00d6ppna bild i helsk\u00e4rm<\/p>\n<p>Efter den historiska s\u00e4songen med Roseng\u00e5rd 2024 l\u00e4mnade m\u00e5nga spelare klubben.<\/p>\n<p>\u2013 D\u00e4rf\u00f6r ville jag lyssna om det fanns intresse och det gjorde det. D\u00e5 k\u00e4nde jag att det kanske \u00e4r sista chansen f\u00f6r mig att g\u00f6ra n\u00e5got som jag vill g\u00f6ra. Den italienska ligan intresserade mig mycket.<\/p>\n<p><strong>Varf\u00f6r just Inter?<\/strong><\/p>\n<p>\u2013 Jag tyckte det var kul att de inte bara s\u00e5g \u201dhon g\u00f6r massa m\u00e5l eller framspelningar\u201d, utan de s\u00e5g \u00e4ven annat. De s\u00e5g det h\u00e5rda jobbet jag st\u00e5r f\u00f6r, de brydde sig inte om att jag var \u00f6ver 30 utan de kollade p\u00e5 mina siffror och s\u00e5g att de var bra trots det.<\/p>\n<blockquote><p>Bara att jag kan ha henne h\u00e4r \u00e4r fantastiskt<\/p><\/blockquote>\n<p>Om Olivia Schough \u00e4r en sm\u00e5stadsm\u00e4nniska trivs hennes partner Caroline Seger i storstan.<\/p>\n<p><strong>I TV4:s dokument\u00e4r sa du \u201d<\/strong><strong>jag vill att Carro ska bli min hemmafru<\/strong><strong>\u201d. Blev det s\u00e5?<\/strong><\/p>\n<p>Olivia b\u00f6rjar skratta.<\/p>\n<p>\u2013 Till viss del. Till viss del, absolut. Om hon inte har lite jobb hemma i Sverige s\u00e5 \u00e4r hon h\u00e4r, tv\u00e5 veckor i taget. Och d\u00e5 st\u00e5r maten p\u00e5 borde n\u00e4r jag kommer hem, s\u00e4ger hon och forts\u00e4tter skratta.<\/p>\n<p>\u2013 Nej men, n\u00e4r hon \u00e4r h\u00e4r finns det inte j\u00e4ttemycket mer f\u00f6r henne att g\u00f6ra \u00e4n att bara sk\u00f6ta s\u00e5na grejer. Och det tycker hon \u00e4r g\u00f6tt, att ha n\u00e5got att g\u00f6ra. Det \u00e4r mysigt.<\/p>\n<p>\u2013 Och det \u00e4r s\u00e5 klart, bara att jag kan ha henne h\u00e4r \u00e4r fantastiskt.<\/p>\n<p>H\u00f6ll relationen hemlig i sju \u00e5r<\/p>\n<p>Det \u00e4r en kontrast mot tidigare.<\/p>\n<p>Innan Seger avslutade karri\u00e4ren efter f\u00f6rra s\u00e4songen var de lagkamrater i b\u00e5de klubblaget och landslaget.<\/p>\n<p>\u2013 Det har blivit en ny dimension i v\u00e5rt f\u00f6rh\u00e5llande, att man nu faktiskt kan ringa och ber\u00e4tta saker som den andra inte vet om.<\/p>\n<p><img loading=\"lazy\"   alt=\"\"\/><\/p>\n<p>Seger och Schough var v\u00e4nner innan de blev ett par.<\/p>\n<p>Foto: MATHIAS BERGELD \/ BILDBYR\u00c5N<\/p>\n<p>\u00d6ppna bild i helsk\u00e4rm<\/p>\n<p>I sju \u00e5r h\u00f6ll stj\u00e4rnorna relationen hemlig f\u00f6r allm\u00e4nheten. N\u00e4r Seger la skorna p\u00e5 hyllan ber\u00e4ttade de f\u00f6r f\u00f6rsta g\u00e5ngen om relationen i en dokument\u00e4r i TV4.<\/p>\n<p>\u2013 Vi k\u00e4nde v\u00e4l att det var l\u00e4ge att s\u00e4ga n\u00e5got ut\u00e5t f\u00f6r f\u00f6rsta g\u00e5ngen. Det var tryggt att s\u00e4ga i en dokument\u00e4r som var v\u00e4ldigt styrd av oss. Vi ville inte f\u00e5 fr\u00e5gor eller att det skulle p\u00e5verka v\u00e5rt yrke under tiden vi spelade tillsammans.<\/p>\n<p>Annons<\/p>\n<p>\u2013 Det var r\u00e4tt sk\u00f6nt att veta att efter den h\u00e4r matchen kommer vi i alla fall inte f\u00e5 n\u00e5gra fr\u00e5gor om det, f\u00f6rr\u00e4n vi vill prata om det sj\u00e4lva.<\/p>\n<p>Br\u00f6llopsplanerna med Caroline Seger<\/p>\n<p>Paret har varit f\u00f6rlovat sen 2023.<\/p>\n<p>\u2013 Det reagerar de p\u00e5 h\u00e4r i Italien. \u201dHar du inte gift dig \u00e4n?\u201d, undrar folk.<\/p>\n<p>\u2013 \u201dNej, det kan dr\u00f6ja ett tag i Sverige, det \u00e4r inga problem\u201d. Men h\u00e4r \u00e4r det en annan kultur.<\/p>\n<p><strong>Men \u00e4r det br\u00f6llop p\u00e5 g\u00e5ng?<\/strong><\/p>\n<p>\u2013 Det ska ju bli ett br\u00f6llop n\u00e5gon g\u00e5ng. Vi skulle haft det n\u00e4sta \u00e5r, men vi har nog f\u00e5tt stryka det med tanke p\u00e5 vad jag hittar p\u00e5. Vi f\u00e5r nog avvakta lite beroende p\u00e5 var vi hamnar i livet.<\/p>\n<p><img loading=\"lazy\"   alt=\"\"\/><\/p>\n<p>Caroline Seger har precis avslutat sin tr\u00e4narutbildning.<\/p>\n<p>Foto: SIMON HASTEG\u00c5RD \/ BILDBYR\u00c5N<\/p>\n<p>\u00d6ppna bild i helsk\u00e4rm<\/p>\n<p>En fin helg tillsammans med n\u00e4ra och k\u00e4ra \u00e4r det enda planerna i nul\u00e4get. Och s\u00e5 \u00e4r det givet n\u00e4r p\u00e5 \u00e5ret de vill gifta sig.<\/p>\n<p>\u2013 Sommarn! Carro fryser ju hur mycket som helst oavsett v\u00e4der s\u00e5 det blir nog sommarbr\u00f6llop. Annars kommer hon att komma med underst\u00e4ll under br\u00f6llopskl\u00e4nningen.<\/p>\n<p>Vill tillbaka till landslaget efter petningarna<\/p>\n<p>34 \u00e5r gammal k\u00e4nns kroppen pigg och Schough har f\u00e5tt en ny roll Inter.<\/p>\n<p>\u2013 Vi tr\u00e4nar v\u00e4ldigt h\u00e5rt och mycket men den klarar av det. Och det \u00e4r v\u00e4l ocks\u00e5 en av mina styrkor, jag klarar av att tr\u00e4na och springa mycket. Det gillar de h\u00e4r. Nu \u00e4r jag v\u00e4nsterback helt pl\u00f6tsligt, s\u00e4ger hon.<\/p>\n<p>Inf\u00f6r EM<a href=\"https:\/\/www.aftonbladet.se\/sportbladet\/fotboll\/a\/GyR8ym\/olivia-schough-i-stor-intervju-om-tiden-i-italien-och-langtan-efter-blagult\" rel=\"nofollow noopener\" target=\"_blank\"> kallade hon m\u00e4sterskapet f\u00f6r \u201dsista chansen\u201d<\/a> i landslaget. N\u00e4r Peter Gerhardsson tog ut Sveriges trupp saknades Schough. Senast hon var med i en landslagstrupp var i februari 2024.<\/p>\n<p><strong>\u00c4r landslagskarri\u00e4ren \u00f6ver?<\/strong><\/p>\n<p>\u2013 Det \u00e4r v\u00e4l klart att det \u00e4r k\u00e4nslan, sen har jag ingen aning om vad Tony (Gustavsson) t\u00e4nker kring mig. Jag skulle bli otroligt f\u00f6rv\u00e5nad om han ville satsa p\u00e5 massa \u00e4ldre spelare nu. Men ingen hade blivit gladare \u00e4n jag om det var s\u00e5 han ville g\u00f6ra, och jag tror ju p\u00e5 att man beh\u00f6ver ha en mix av spelare.<\/p>\n<p>\u2013 Sen tycker jag fortfarande att jag h\u00e5ller landslagsniv\u00e5 och att jag tar steg h\u00e4r i Inter. Trots att jag blir \u00e4ldre k\u00e4nns det som jag orkar mer p\u00e5 n\u00e5got s\u00e4tt. S\u00e5 hoppet lever, men jag tror inte p\u00e5 det.<\/p>\n<p><img loading=\"lazy\"   alt=\"\"\/><\/p>\n<p>I den bl\u00e5gula tr\u00f6jan har Schough varit med och spelat hem b\u00e5de dubbla OS-silver och VM-brons.<\/p>\n<p>Foto: MATHIAS BERGELD \/ BILDBYR\u00c5N<\/p>\n<p>\u00d6ppna bild i helsk\u00e4rm<\/p>\n<p><strong>\u00c4r det positivt med ny f\u00f6rbundskapten?<\/strong><\/p>\n<p>\u2013 Absolut, det \u00e4r mer positivt nu f\u00f6r Peter valde ju tydligt bort mig. D\u00e4r f\u00f6rsvann hoppet v\u00e4ldigt kraftigt. Det \u00e4r klart att jag hoppas mer nu, men som sagt jag tror inte chansen \u00e4r s\u00e5 stor.<\/p>\n<p>Annons<\/p>\n<p><strong>Hade du n\u00e5gon kommunikation med Gerhardsson?<\/strong><\/p>\n<p>\u2013 Nej, det var inte mycket kommunikation fr\u00e5n hans sida. Jag har varit inne p\u00e5 det f\u00f6rut. Jag har alltid kommit in till m\u00e4sterskapen med en otrolig form, det har varit sj\u00e4lvklart att ta ut mig i truppen, men v\u00e4l p\u00e5 m\u00e4sterskapen har det blivit f\u00f6rv\u00e5nansv\u00e4rt lite speltid varje g\u00e5ng. D\u00e4r har det varit v\u00e4ldigt sv\u00e5rt att f\u00e5 svar p\u00e5 varf\u00f6r.<\/p>\n<p>\u2013 Och efter VM valde han att ta bort mig helt och h\u00e5llet. Han valde andra helt enkelt och det har jag f\u00e5tt acceptera.<\/p>\n<p>Beskedet om framtiden<\/p>\n<p>Olivia Schough har gjort 110 landskamper f\u00f6r Sverige. S\u00e5 l\u00e4nge hon spelar fotboll kommer hon ocks\u00e5 vara tillg\u00e4nglig f\u00f6r Bl\u00e5gult.\u00a0<\/p>\n<p>\u2013 Jag tycker det k\u00e4nns on\u00f6digt att sluta i landslaget innan jag \u00e4r klar.<\/p>\n<p><strong>Vad hade det betytt att bli uttagen nu?<\/strong><\/p>\n<p>\u2013 Det hade varit som att bli uttagen f\u00f6r f\u00f6rsta g\u00e5ngen, den k\u00e4nslan tror jag hade kommit tillbaka till mig. Men jag har inte t\u00e4nkt p\u00e5 det j\u00e4ttemycket f\u00f6r att skydda mig sj\u00e4lv. Det \u00e4r n\u00e5gon slags f\u00f6rsvarsmekanism jag h\u00e5ller p\u00e5 med. Jag jobbar p\u00e5 som fasen h\u00e4r och g\u00f6r det jag kan kontrollera, s\u00e5 f\u00e5r vi hoppas p\u00e5 det b\u00e4sta.<\/p>\n<p><img loading=\"lazy\"   alt=\"\"\/><\/p>\n<p>Olivia Schough g\u00f6r sin f\u00f6rsta hela s\u00e4song med Inter.<\/p>\n<p>Foto: Vendela \u00d6gren<\/p>\n<p>\u00d6ppna bild i helsk\u00e4rm<\/p>\n<p>Tr\u00e4ningsanl\u00e4ggningen i Milano \u00e4r under ombyggnad. Damlaget ska f\u00e5 en ny byggnad.<\/p>\n<p>Om svenskan kommer vara kvar h\u00e4r n\u00e4r den invigs \u00e4r os\u00e4kert. Schoughs kontrakt g\u00e5r ut efter s\u00e4songen och den nyblivna v\u00e4nsterbacken gillar inte att titta fram\u00e5t.<\/p>\n<p>\u2013 Det \u00e4r fantastiskt att f\u00e5 komma till ett st\u00e4lle varje dag och k\u00e4nna att h\u00e4r trivs jag och har kul. Den dagen det \u00e4r n\u00e5got jag inte m\u00e5r bra i eller inte har roligt kommer jag l\u00e4gga av, men det hoppas jag dr\u00f6jer ett tag till. F\u00f6r jag k\u00e4nner mig inte 34 i kropp och knopp.<\/p>\n<p><strong>Vad \u00e4r du d\u00e4r?<\/strong><\/p>\n<p>\u2013 D\u00e4r \u00e4r jag i min prime, 27!<\/p>\n","protected":false},"excerpt":{"rendered":"I Italien undrar de varf\u00f6r Olivia Schough, 34, inte har gift sig \u00e4n. Br\u00f6llopet med Caroline Seger har&hellip;\n","protected":false},"author":2,"featured_media":54663,"comment_status":"","ping_status":"","sticky":false,"template":"","format":"standard","meta":{"footnotes":""},"categories":[68],"tags":[1954,5293,5292,34,129,146,111,110,31,33,32,30],"class_list":{"0":"post-54662","1":"post","2":"type-post","3":"status-publish","4":"format-standard","5":"has-post-thumbnail","7":"category-sport","8":"tag-organization-sveriges-damlandslag-i-fotboll","9":"tag-person-caroline-seger","10":"tag-person-olivia-schough","11":"tag-se","12":"tag-sections-fotboll","13":"tag-sections-landslaget","14":"tag-sport","15":"tag-sports","16":"tag-svenska","17":"tag-sverige","18":"tag-sweden","19":"tag-swedish"},"share_on_mastodon":{"url":"","error":""},"_links":{"self":[{"href":"https:\/\/www.europesays.com\/se\/wp-json\/wp\/v2\/posts\/54662","targetHints":{"allow":["GET"]}}],"collection":[{"href":"https:\/\/www.europesays.com\/se\/wp-json\/wp\/v2\/posts"}],"about":[{"href":"https:\/\/www.europesays.com\/se\/wp-json\/wp\/v2\/types\/post"}],"author":[{"embeddable":true,"href":"https:\/\/www.europesays.com\/se\/wp-json\/wp\/v2\/users\/2"}],"replies":[{"embeddable":true,"href":"https:\/\/www.europesays.com\/se\/wp-json\/wp\/v2\/comments?post=54662"}],"version-history":[{"count":0,"href":"https:\/\/www.europesays.com\/se\/wp-json\/wp\/v2\/posts\/54662\/revisions"}],"wp:featuredmedia":[{"embeddable":true,"href":"https:\/\/www.europesays.com\/se\/wp-json\/wp\/v2\/media\/54663"}],"wp:attachment":[{"href":"https:\/\/www.europesays.com\/se\/wp-json\/wp\/v2\/media?parent=54662"}],"wp:term":[{"taxonomy":"category","embeddable":true,"href":"https:\/\/www.europesays.com\/se\/wp-json\/wp\/v2\/categories?post=54662"},{"taxonomy":"post_tag","embeddable":true,"href":"https:\/\/www.europesays.com\/se\/wp-json\/wp\/v2\/tags?post=54662"}],"curies":[{"name":"wp","href":"https:\/\/api.w.org\/{rel}","templated":true}]}}