{"id":54703,"date":"2025-10-13T13:06:21","date_gmt":"2025-10-13T13:06:21","guid":{"rendered":"https:\/\/www.europesays.com\/se\/54703\/"},"modified":"2025-10-13T13:06:21","modified_gmt":"2025-10-13T13:06:21","slug":"beskedet-efter-otacka-skadan-kuggen-borta-i-veckor","status":"publish","type":"post","link":"https:\/\/www.europesays.com\/se\/54703\/","title":{"rendered":"Beskedet efter ot\u00e4cka skadan: Kuggen borta i veckor"},"content":{"rendered":"<p><strong><a href=\"https:\/\/hockeysverige.se\/klubb\/linkoping-hc\/\" rel=\"nofollow noopener\" target=\"_blank\">Link\u00f6pings<\/a> Erik Nor\u00e9n tr\u00e4ffades av en skridsko under l\u00f6rdagens 7-4-vinst \u00f6ver <a href=\"https:\/\/hockeysverige.se\/klubb\/brynas-if\/\" rel=\"nofollow noopener\" target=\"_blank\">Bryn\u00e4s<\/a>. F\u00f6rsvararen tvingades upps\u00f6ka v\u00e5rd omg\u00e5ende och nu st\u00e5r det klar att 24-\u00e5ringen kommer missa de kommande veckorna.<\/strong><\/p>\n<p><img loading=\"lazy\" decoding=\"async\" width=\"1024\" height=\"658\" src=\"https:\/\/www.europesays.com\/se\/wp-content\/uploads\/2025\/10\/Erik-Noren-1-1024x658.webp.webp\" alt=\"\" class=\"wp-image-313317\"  \/>Erik Nor\u00e9n tr\u00e4ffades av en skridsko under matchen mot Bryn\u00e4s.<br \/>\nFoto: Magnus Andersson\/Bildbyr\u00e5n.<\/p>\n<p>Erik Nor\u00e9ns Link\u00f6ping fick en st\u00f6kig start p\u00e5 s\u00e4songen \u2013 med fyra raka f\u00f6rluster och krisst\u00e4mpel i inledningen.<\/p>\n<p>Klubben har dock lyckats \u00e5terh\u00e4mta sig och ligger just nu p\u00e5 plats nummer \u00e5tta i tabellen, med 15 po\u00e4ng av 33 m\u00f6jliga. Under l\u00f6rdagens vinst mot drabbades dock klubben av \u00e4nnu ett bakslag d\u00e5 f\u00f6rsvararen Erik Nor\u00e9n tvingades utg\u00e5 efter att han tr\u00e4ffades av en skridsko \u00f6ver armen. 24-\u00e5ringen f\u00f6rdes till G\u00e4vle akutmottagning och fick d\u00e4r genomg\u00e5 en unders\u00f6kning.<\/p>\n<p>\u2013 Han fick en skridsko \u00f6ver armen i l\u00f6rdagens match vilket ledde till ett djupare s\u00e5r som kr\u00e4vde bes\u00f6k p\u00e5 G\u00e4vle akutmottagning. D\u00e4r kunde man utesluta skador p\u00e5 muskler, senor och nerver vilket s\u00e5 klart var ett mycket positivt besked, skriver klubben p\u00e5 sin <a href=\"https:\/\/www.lhc.eu\/article\/d2jat42-30c01\/view\" rel=\"nofollow noopener\" target=\"_blank\">hemsida<\/a>.<\/p>\n<p>F\u00f6rsvararen ber\u00e4knas vara borta i tv\u00e5 till tre veckor till f\u00f6ljd av skadan. \u00c4ven forwarden <a href=\"https:\/\/hockeysverige.se\/spelare\/remi-elie\/\" rel=\"nofollow noopener\" target=\"_blank\">Remi Elie<\/a> drog p\u00e5 sig en skada under torsdagens match mot <a href=\"https:\/\/hockeysverige.se\/klubb\/leksands-if\/\" rel=\"nofollow noopener\" target=\"_blank\">Leksand<\/a> och ska unders\u00f6kas. <a href=\"https:\/\/hockeysverige.se\/spelare\/jakub-vrana\/\" rel=\"nofollow noopener\" target=\"_blank\">Jakub Vr\u00e1na<\/a> \u00e4r tillbaka i full tr\u00e4ning efter sin hj\u00e4rnskakning, Oliver Johansson missar torsdagens match p\u00e5 grund av \u00f6verkroppsskada och Nick Shores skada bed\u00f6ms vara dag till dag.<\/p>\n<p> Source: <a href=\"https:\/\/www.eliteprospects.com\/player\/349490\/erik-noren\" target=\"_blank\" rel=\"noopener noreferrer nofollow\">Erik Nor\u00e9n<\/a> @ Elite Prospects<\/p>\n","protected":false},"excerpt":{"rendered":"Link\u00f6pings Erik Nor\u00e9n tr\u00e4ffades av en skridsko under l\u00f6rdagens 7-4-vinst \u00f6ver Bryn\u00e4s. F\u00f6rsvararen tvingades upps\u00f6ka v\u00e5rd omg\u00e5ende och&hellip;\n","protected":false},"author":2,"featured_media":54704,"comment_status":"","ping_status":"","sticky":false,"template":"","format":"standard","meta":{"footnotes":""},"categories":[5],"tags":[22,23,26,27,17,21,24,25,28,29,15,16,18,34,133,134,31,33,32,30,19,20],"class_list":{"0":"post-54703","1":"post","2":"type-post","3":"status-publish","4":"format-standard","5":"has-post-thumbnail","7":"category-rubriker","8":"tag-breaking-news","9":"tag-breakingnews","10":"tag-featured-news","11":"tag-featurednews","12":"tag-headlines","13":"tag-huvudnyheter","14":"tag-latest-news","15":"tag-latestnews","16":"tag-main-news","17":"tag-mainnews","18":"tag-news","19":"tag-nyheter","20":"tag-rubriker","21":"tag-se","22":"tag-second-news","23":"tag-shl","24":"tag-svenska","25":"tag-sverige","26":"tag-sweden","27":"tag-swedish","28":"tag-top-stories","29":"tag-topstories"},"share_on_mastodon":{"url":"","error":""},"_links":{"self":[{"href":"https:\/\/www.europesays.com\/se\/wp-json\/wp\/v2\/posts\/54703","targetHints":{"allow":["GET"]}}],"collection":[{"href":"https:\/\/www.europesays.com\/se\/wp-json\/wp\/v2\/posts"}],"about":[{"href":"https:\/\/www.europesays.com\/se\/wp-json\/wp\/v2\/types\/post"}],"author":[{"embeddable":true,"href":"https:\/\/www.europesays.com\/se\/wp-json\/wp\/v2\/users\/2"}],"replies":[{"embeddable":true,"href":"https:\/\/www.europesays.com\/se\/wp-json\/wp\/v2\/comments?post=54703"}],"version-history":[{"count":0,"href":"https:\/\/www.europesays.com\/se\/wp-json\/wp\/v2\/posts\/54703\/revisions"}],"wp:featuredmedia":[{"embeddable":true,"href":"https:\/\/www.europesays.com\/se\/wp-json\/wp\/v2\/media\/54704"}],"wp:attachment":[{"href":"https:\/\/www.europesays.com\/se\/wp-json\/wp\/v2\/media?parent=54703"}],"wp:term":[{"taxonomy":"category","embeddable":true,"href":"https:\/\/www.europesays.com\/se\/wp-json\/wp\/v2\/categories?post=54703"},{"taxonomy":"post_tag","embeddable":true,"href":"https:\/\/www.europesays.com\/se\/wp-json\/wp\/v2\/tags?post=54703"}],"curies":[{"name":"wp","href":"https:\/\/api.w.org\/{rel}","templated":true}]}}