{"id":54761,"date":"2025-10-13T14:10:12","date_gmt":"2025-10-13T14:10:12","guid":{"rendered":"https:\/\/www.europesays.com\/se\/54761\/"},"modified":"2025-10-13T14:10:12","modified_gmt":"2025-10-13T14:10:12","slug":"nederlandska-legendaren-totalsagar-finland-hufvudstadsbladet","status":"publish","type":"post","link":"https:\/\/www.europesays.com\/se\/54761\/","title":{"rendered":"Nederl\u00e4ndska legendaren totals\u00e5gar Finland &#8211; Hufvudstadsbladet"},"content":{"rendered":"<ol>\n<li><a href=\"https:\/\/news.google.com\/rss\/articles\/CBMiekFVX3lxTE9sWDRRWlA1Rk9pVVd5OHh3S2JvdzlBWGY0b3VaZzVyNzlGeVRSSEtrdHVLM0M0T2ZENkwwcHlSdVc5amVEOFp5WTJOcWFjbWt6eldOc0YxTEtqUmRIbUZCT0cwR1dCSkd0ZFZaYzEzVDItTnI0ampWT0l3?oc=5\" target=\"_blank\" rel=\"nofollow noopener\">Nederl\u00e4ndska legendaren totals\u00e5gar Finland<\/a>&nbsp;&nbsp;Hufvudstadsbladet<\/li>\n<li><a href=\"https:\/\/news.google.com\/rss\/articles\/CBMiQEFVX3lxTE4yUktBeEExUFpJXzZBTV9zWjZXNzE2bGpyLTdtRXcyZERrUExWTmJBMVJZcEN2RE5EU1JmRklxbUM?oc=5\" target=\"_blank\" rel=\"nofollow noopener\">Nu kan Finland sluta dr\u00f6mma om fotbolls-VM \u2013 startelvan var st\u00f6rsta snackisen d\u00e5 landslaget blev avkl\u00e4tt i Amsterdam<\/a>&nbsp;&nbsp;Yle<\/li>\n<li><a href=\"https:\/\/news.google.com\/rss\/articles\/CBMilAFBVV95cUxOT25wWWhab2FjQmhVNC0zbjdpQlViS3hjTm1MNHhxeks3c256bTl3TzJNSnVsTmpvaFFVa1N5eUFpb0k0QXo2a0kwcnNHTU1MdVRUdk5Gcm5rbk5pb0l4MUdMTGtMb0pjZGUzcWVxRWQ4S2ZYUXRHM3dXbUZBZFhoX2hRTTI1X1RlVm5ZcjRtRTZIeF9V?oc=5\" target=\"_blank\" rel=\"nofollow noopener\">Dif-backen blev finsk syndabock<\/a>&nbsp;&nbsp;Expressen<\/li>\n<li><a href=\"https:\/\/news.google.com\/rss\/articles\/CBMiiAFBVV95cUxNMW9YSUY1V18tVFhNalRBamtXZHktQmlVOFAxNmFZY3RySl85eGtQX0N0MkpKVkZQdXBHVDJHTTY3VDBsUkl3SGhGeUdxVGNRdUIwWlNNbmNLbjJDbDVwcldKWFdwUHozYTVFaDhsLXdndTNBSDhmaW4zS2ZFcEhvUTUtbDNQSzNS?oc=5\" target=\"_blank\" rel=\"nofollow noopener\">Finskt tvivel kring St\u00e5hls ovana position<\/a>&nbsp;&nbsp;Fotbollskanalen<\/li>\n<li><a href=\"https:\/\/news.google.com\/rss\/articles\/CBMid0FVX3lxTFA0cHFoQjMxMndRQmpCR2VIQUozdVRERzBiX0ZwQzIyUENjZTJOSjJVakZoMzFwS0otOFZ3akthXy05ekNrenkzcy1xZ3Zjb1ZueVo1U0lRbWEwSUs5LTFLekFqYS1wZkdYcXJWRDQ2M2hYR0xBZThF?oc=5\" target=\"_blank\" rel=\"nofollow noopener\">KR\u00d6NIKA: Den orange stormen om\u00f6jlig f\u00f6r Finland att bem\u00e4stra<\/a>&nbsp;&nbsp;Hufvudstadsbladet<\/li>\n<\/ol>\n","protected":false},"excerpt":{"rendered":"Nederl\u00e4ndska legendaren totals\u00e5gar Finland&nbsp;&nbsp;Hufvudstadsbladet Nu kan Finland sluta dr\u00f6mma om fotbolls-VM \u2013 startelvan var st\u00f6rsta snackisen d\u00e5 landslaget&hellip;\n","protected":false},"author":2,"featured_media":54762,"comment_status":"","ping_status":"","sticky":false,"template":"","format":"standard","meta":{"footnotes":""},"categories":[68],"tags":[34,111,110,31,33,32,30],"class_list":{"0":"post-54761","1":"post","2":"type-post","3":"status-publish","4":"format-standard","5":"has-post-thumbnail","7":"category-sport","8":"tag-se","9":"tag-sport","10":"tag-sports","11":"tag-svenska","12":"tag-sverige","13":"tag-sweden","14":"tag-swedish"},"share_on_mastodon":{"url":"","error":""},"_links":{"self":[{"href":"https:\/\/www.europesays.com\/se\/wp-json\/wp\/v2\/posts\/54761","targetHints":{"allow":["GET"]}}],"collection":[{"href":"https:\/\/www.europesays.com\/se\/wp-json\/wp\/v2\/posts"}],"about":[{"href":"https:\/\/www.europesays.com\/se\/wp-json\/wp\/v2\/types\/post"}],"author":[{"embeddable":true,"href":"https:\/\/www.europesays.com\/se\/wp-json\/wp\/v2\/users\/2"}],"replies":[{"embeddable":true,"href":"https:\/\/www.europesays.com\/se\/wp-json\/wp\/v2\/comments?post=54761"}],"version-history":[{"count":0,"href":"https:\/\/www.europesays.com\/se\/wp-json\/wp\/v2\/posts\/54761\/revisions"}],"wp:featuredmedia":[{"embeddable":true,"href":"https:\/\/www.europesays.com\/se\/wp-json\/wp\/v2\/media\/54762"}],"wp:attachment":[{"href":"https:\/\/www.europesays.com\/se\/wp-json\/wp\/v2\/media?parent=54761"}],"wp:term":[{"taxonomy":"category","embeddable":true,"href":"https:\/\/www.europesays.com\/se\/wp-json\/wp\/v2\/categories?post=54761"},{"taxonomy":"post_tag","embeddable":true,"href":"https:\/\/www.europesays.com\/se\/wp-json\/wp\/v2\/tags?post=54761"}],"curies":[{"name":"wp","href":"https:\/\/api.w.org\/{rel}","templated":true}]}}