{"id":54796,"date":"2025-10-13T15:13:12","date_gmt":"2025-10-13T15:13:12","guid":{"rendered":"https:\/\/www.europesays.com\/se\/54796\/"},"modified":"2025-10-13T15:13:12","modified_gmt":"2025-10-13T15:13:12","slug":"madagaskars-president-tros-ha-flytt-landet","status":"publish","type":"post","link":"https:\/\/www.europesays.com\/se\/54796\/","title":{"rendered":"Madagaskars president tros ha flytt landet"},"content":{"rendered":"<p>Madagaskars president Andry Rajoelina l\u00e4mnade under s\u00f6ndagen landet i ett franskt milit\u00e4rplan, enligt uppgifter till den franska radiokanalen RFI. <\/p>\n<p>Rajoelina ska enligt uppgifterna ha l\u00e4mnat landet efter att ha slutit ett avtal med den franska regeringen om att fredligt l\u00e4mna \u00f6ver makten. Han ska f\u00f6rst ha flugit till det franska territoriet R\u00e9union, som ligger \u00f6ster om Madagaskar, innan han tillsammans med sin familj fl\u00f6g till antingen Mauritius, Dubai eller F\u00f6renade Arabemiraten. <\/p>\n<p>Omfattande och stundtals v\u00e5ldsamma protester mot Rajoelinas styre har p\u00e5g\u00e5tt i veckor.<\/p>\n<p>Omni \u00e4r politiskt obundna och oberoende. Vi str\u00e4var efter att ge fler perspektiv p\u00e5 nyheterna. Har du fr\u00e5gor eller synpunkter kring v\u00e5r rapportering? <a href=\"https:\/\/omni.se\/madagaskars-president-tros-ha-flytt-landet\/a\/mailto:redaktion@omni.se\" class=\"ArticleActions_contactLink__W2F1M\" rel=\"nofollow noopener\" target=\"_blank\">Kontakta redaktionen<\/a><\/p>\n","protected":false},"excerpt":{"rendered":"Madagaskars president Andry Rajoelina l\u00e4mnade under s\u00f6ndagen landet i ett franskt milit\u00e4rplan, enligt uppgifter till den franska radiokanalen&hellip;\n","protected":false},"author":2,"featured_media":54797,"comment_status":"","ping_status":"","sticky":false,"template":"","format":"standard","meta":{"footnotes":""},"categories":[5],"tags":[1482,22,23,1149,26,27,266,17,21,24,25,5302,28,29,15,16,5301,18,34,31,33,32,30,19,20],"class_list":{"0":"post-54796","1":"post","2":"type-post","3":"status-publish","4":"format-standard","5":"has-post-thumbnail","7":"category-rubriker","8":"tag-afrika","9":"tag-breaking-news","10":"tag-breakingnews","11":"tag-faktaruta-omni","12":"tag-featured-news","13":"tag-featurednews","14":"tag-frankrike","15":"tag-headlines","16":"tag-huvudnyheter","17":"tag-latest-news","18":"tag-latestnews","19":"tag-madagaskar","20":"tag-main-news","21":"tag-mainnews","22":"tag-news","23":"tag-nyheter","24":"tag-reunion","25":"tag-rubriker","26":"tag-se","27":"tag-svenska","28":"tag-sverige","29":"tag-sweden","30":"tag-swedish","31":"tag-top-stories","32":"tag-topstories"},"share_on_mastodon":{"url":"","error":""},"_links":{"self":[{"href":"https:\/\/www.europesays.com\/se\/wp-json\/wp\/v2\/posts\/54796","targetHints":{"allow":["GET"]}}],"collection":[{"href":"https:\/\/www.europesays.com\/se\/wp-json\/wp\/v2\/posts"}],"about":[{"href":"https:\/\/www.europesays.com\/se\/wp-json\/wp\/v2\/types\/post"}],"author":[{"embeddable":true,"href":"https:\/\/www.europesays.com\/se\/wp-json\/wp\/v2\/users\/2"}],"replies":[{"embeddable":true,"href":"https:\/\/www.europesays.com\/se\/wp-json\/wp\/v2\/comments?post=54796"}],"version-history":[{"count":0,"href":"https:\/\/www.europesays.com\/se\/wp-json\/wp\/v2\/posts\/54796\/revisions"}],"wp:featuredmedia":[{"embeddable":true,"href":"https:\/\/www.europesays.com\/se\/wp-json\/wp\/v2\/media\/54797"}],"wp:attachment":[{"href":"https:\/\/www.europesays.com\/se\/wp-json\/wp\/v2\/media?parent=54796"}],"wp:term":[{"taxonomy":"category","embeddable":true,"href":"https:\/\/www.europesays.com\/se\/wp-json\/wp\/v2\/categories?post=54796"},{"taxonomy":"post_tag","embeddable":true,"href":"https:\/\/www.europesays.com\/se\/wp-json\/wp\/v2\/tags?post=54796"}],"curies":[{"name":"wp","href":"https:\/\/api.w.org\/{rel}","templated":true}]}}