{"id":55021,"date":"2025-10-13T20:58:09","date_gmt":"2025-10-13T20:58:09","guid":{"rendered":"https:\/\/www.europesays.com\/se\/55021\/"},"modified":"2025-10-13T20:58:09","modified_gmt":"2025-10-13T20:58:09","slug":"glenn-stromberg-stoppad-fick-inte-komma-pa-ullevi","status":"publish","type":"post","link":"https:\/\/www.europesays.com\/se\/55021\/","title":{"rendered":"Glenn Str\u00f6mberg stoppad \u2013 fick inte komma p\u00e5 Ullevi"},"content":{"rendered":"<p>Publicerad 13 okt 2025 kl 19.54Uppdaterad kl 22.48<\/p>\n<p>Han har tunga bl\u00e5vita meriter p\u00e5 Ullevi.<\/p>\n<p>Men n\u00e4r det stundar VM-kval mellan Sverige och Kosovo sl\u00e4pptes inte Glenn Str\u00f6mberg in p\u00e5 arenan.<\/p>\n<p>\u2013 Niklas (Holmgren) f\u00f6rs\u00f6kte g\u00e5 i god f\u00f6r mig men det r\u00e4ckte inte, s\u00e4ger han till <a href=\"https:\/\/www.gp.se\/sport\/fotboll\/glenn-stromberg-stoppad-i-entren-till-ullevi.911e6900-eb97-44b0-b90a-a895f6de6947\" rel=\"nofollow noopener\" target=\"_blank\">GP<\/a>.<\/p>\n<p><img   alt=\"\"\/><\/p>\n<p>Glenn Str\u00f6mberg fick inte komma in p\u00e5 Ullevi.<\/p>\n<p>Foto: TikTok<\/p>\n<p>\u00d6ppna bild i helsk\u00e4rm<img loading=\"lazy\"   alt=\"\"\/> <\/p>\n<p>Foto: DANIEL STILLER \/ BILDBYR\u00c5N<\/p>\n<p>\u00d6ppna bild i helsk\u00e4rm<\/p>\n<p>Viaplay \u00e4r p\u00e5 plats p\u00e5 Ullevi i G\u00f6teborg f\u00f6r att s\u00e4nda VM-kvalmatchen mellan Sverige och Kosovo.\u00a0<\/p>\n<p>D\u00e5 kommer <a href=\"https:\/\/www.expressen.se\/tagg\/person\/glenn-stromberg\/\" class=\"\" rel=\"nofollow noopener\" target=\"_blank\">Glenn Str\u00f6mberg<\/a> att medverka som studioexpert. Men f\u00f6r en stund s\u00e5g det illavarslande ut. Detta d\u00e5 den den f\u00f6rre IFK G\u00f6teborg-ikonen inte sl\u00e4pptes in p\u00e5 arenan.<\/p>\n<p>Anledningen?\u00a0<\/p>\n<p>Glenn Str\u00f6mberg hade gl\u00f6mt sin legitimation p\u00e5 hotellrummet och blev inte igenk\u00e4nd av entr\u00e9personalen \u2013 trots sina triumfer p\u00e5 Ullevis gr\u00e4s, som bland annat innefattar en Uefacuptitel med Bl\u00e5vitt.<\/p>\n<p>\u2013 Han \u00e4r ju en legend h\u00e4r! skrattade Viaplays kommentator Niklas Holmgren medan han <a href=\"https:\/\/www.tiktok.com\/@holmgrenniklas\/video\/7560745127442910486?_r=1&amp;_t=ZN-90WLGNbYQFi\" rel=\"nofollow noopener\" target=\"_blank\">filmade spektaklet vid entr\u00e9n<\/a>.<\/p>\n<p>Sl\u00e4pptes in: \u201dD\u00e5 kunde det intygas\u201d<\/p>\n<p>Efter m\u00e5nga om och men fick Str\u00f6mberg kliva in p\u00e5 arenan, i s\u00e4llskap med Niklas Holmgren.<\/p>\n<p>\u2013 Niklas f\u00f6rs\u00f6kte g\u00e5 i god f\u00f6r mig men det r\u00e4ckte inte. D\u00e5 kom jag p\u00e5 att man alltid har n\u00e5got i telefonen som liknar ett id-kort, jag fick upp ett s\u00e5dant, och de kunde ta med telefonen till n\u00e5gon av cheferna h\u00e4r. D\u00e4r kunde det intygas att det var jag, s\u00e4ger Glenn Str\u00f6mberg till <a href=\"https:\/\/www.gp.se\/sport\/fotboll\/glenn-stromberg-stoppad-i-entren-till-ullevi.911e6900-eb97-44b0-b90a-a895f6de6947\" rel=\"nofollow noopener\" target=\"_blank\">GP<\/a>.<\/p>\n<p>Str\u00f6mberg \u00e4r noga med att inte skuldbel\u00e4gga entr\u00e9personalen f\u00f6r att de inte k\u00e4nde igen honom fr\u00e5n storhetstiden som spelare.<\/p>\n<p>\u2013 \u00c4sch, det var unga tjejer runt 30 \u00e5r, och det \u00e4r ju l\u00e4ngre \u00e4n 30 \u00e5r sedan. De var ju inte f\u00f6dda d\u00e5, s\u00e4ger Str\u00f6mberg.<\/p>\n<p>Sverige\u2013Kosovo har avspark 20.45. F\u00f6lj matchen <a href=\"https:\/\/www.expressen.se\/sport\/fotboll\/landslaget\/folj-herrlandslaget-i-fotboll-direkt\/\" rel=\"nofollow noopener\" target=\"_blank\">h\u00e4r!<\/a><\/p>\n<p><script async src=\"\/\/www.tiktok.com\/embed.js\"><\/script><\/p>\n","protected":false},"excerpt":{"rendered":"Publicerad 13 okt 2025 kl 19.54Uppdaterad kl 22.48 Han har tunga bl\u00e5vita meriter p\u00e5 Ullevi. Men n\u00e4r det&hellip;\n","protected":false},"author":2,"featured_media":55022,"comment_status":"","ping_status":"","sticky":false,"template":"","format":"standard","meta":{"footnotes":""},"categories":[5],"tags":[22,23,26,27,17,21,24,25,28,29,15,16,1336,5318,18,34,129,146,31,33,32,30,19,20],"class_list":{"0":"post-55021","1":"post","2":"type-post","3":"status-publish","4":"format-standard","5":"has-post-thumbnail","7":"category-rubriker","8":"tag-breaking-news","9":"tag-breakingnews","10":"tag-featured-news","11":"tag-featurednews","12":"tag-headlines","13":"tag-huvudnyheter","14":"tag-latest-news","15":"tag-latestnews","16":"tag-main-news","17":"tag-mainnews","18":"tag-news","19":"tag-nyheter","20":"tag-organization-sveriges-herrlandslag-i-fotboll","21":"tag-person-glenn-stromberg","22":"tag-rubriker","23":"tag-se","24":"tag-sections-fotboll","25":"tag-sections-landslaget","26":"tag-svenska","27":"tag-sverige","28":"tag-sweden","29":"tag-swedish","30":"tag-top-stories","31":"tag-topstories"},"share_on_mastodon":{"url":"","error":""},"_links":{"self":[{"href":"https:\/\/www.europesays.com\/se\/wp-json\/wp\/v2\/posts\/55021","targetHints":{"allow":["GET"]}}],"collection":[{"href":"https:\/\/www.europesays.com\/se\/wp-json\/wp\/v2\/posts"}],"about":[{"href":"https:\/\/www.europesays.com\/se\/wp-json\/wp\/v2\/types\/post"}],"author":[{"embeddable":true,"href":"https:\/\/www.europesays.com\/se\/wp-json\/wp\/v2\/users\/2"}],"replies":[{"embeddable":true,"href":"https:\/\/www.europesays.com\/se\/wp-json\/wp\/v2\/comments?post=55021"}],"version-history":[{"count":0,"href":"https:\/\/www.europesays.com\/se\/wp-json\/wp\/v2\/posts\/55021\/revisions"}],"wp:featuredmedia":[{"embeddable":true,"href":"https:\/\/www.europesays.com\/se\/wp-json\/wp\/v2\/media\/55022"}],"wp:attachment":[{"href":"https:\/\/www.europesays.com\/se\/wp-json\/wp\/v2\/media?parent=55021"}],"wp:term":[{"taxonomy":"category","embeddable":true,"href":"https:\/\/www.europesays.com\/se\/wp-json\/wp\/v2\/categories?post=55021"},{"taxonomy":"post_tag","embeddable":true,"href":"https:\/\/www.europesays.com\/se\/wp-json\/wp\/v2\/tags?post=55021"}],"curies":[{"name":"wp","href":"https:\/\/api.w.org\/{rel}","templated":true}]}}