{"id":55102,"date":"2025-10-14T03:32:16","date_gmt":"2025-10-14T03:32:16","guid":{"rendered":"https:\/\/www.europesays.com\/se\/55102\/"},"modified":"2025-10-14T03:32:16","modified_gmt":"2025-10-14T03:32:16","slug":"joakim-lundell-och-john-lundvik-till-korslaget-i-tv4","status":"publish","type":"post","link":"https:\/\/www.europesays.com\/se\/55102\/","title":{"rendered":"Joakim Lundell och John Lundvik till K\u00f6rslaget i TV4"},"content":{"rendered":"<p>Publicerad 13 okt 2025 kl 19.00Uppdaterad kl 21.23<\/p>\n<p>\u201dK\u00f6rslaget\u201d kommer tillbaka i TV4.<\/p>\n<p>Nu kan Expressen avsl\u00f6ja att Joakim Lundell och John Lundvik t\u00e4vlar i programmet.<\/p>\n<p>Senaste klippen fr\u00e5n Expressen inom n\u00f6je.<img   alt=\"\"\/><\/p>\n<p>Joakim Lundell \u00e4r enligt uppgifter klar som t\u00e4vlande i TV4-programmet.<\/p>\n<p>Foto: OLLE SPORRONG<\/p>\n<p>\u00d6ppna bild i helsk\u00e4rm<img loading=\"lazy\"   alt=\"\"\/><\/p>\n<p>Artisten John Lundvik \u00e4r ocks\u00e5 klar.<\/p>\n<p>Foto: SVEN LINDWALL<\/p>\n<p>\u00d6ppna bild i helsk\u00e4rm<img loading=\"lazy\"   alt=\"\"\/> <\/p>\n<p>Foto: OLLE SPORRONG<\/p>\n<p>\u00d6ppna bild i helsk\u00e4rm<\/p>\n<p>I september kunde Expressen avsl\u00f6ja att succ\u00e9programmet \u201dK\u00f6rslaget\u201d \u00e5terv\u00e4nder till <a href=\"https:\/\/www.expressen.se\/tagg\/organization\/tv4\/\" class=\"\" rel=\"nofollow noopener\" target=\"_blank\">TV4<\/a>.<\/p>\n<p>D\u00e5 kunde Expressen ber\u00e4tta att Klara Hammarstr\u00f6m kommer vara en av de som t\u00e4vlar. Nu st\u00e5r det ocks\u00e5 klart att Joakim Lundell och John Lundvik g\u00f6r upp om segern, enligt uppgifter.<\/p>\n<p>\u201dK\u00f6rslaget\u201d s\u00e4ndes mellan 2008 och 2013 men pausades p\u00e5 grund av att programmet inte fick plats i tabl\u00e5n, enligt den d\u00e5varande programchefen Fredrik Arefalk, nu TV4:s kanal- och inneh\u00e5llsdirekt\u00f6r.<\/p>\n<p>N\u00e4r programmet \u00e5terv\u00e4nder 13 december utg\u00f6rs det av fyra delt\u00e4vlingar som mynnar ut i en stor final 10 januari, i kombination med Cancergalan.<\/p>\n","protected":false},"excerpt":{"rendered":"Publicerad 13 okt 2025 kl 19.00Uppdaterad kl 21.23 \u201dK\u00f6rslaget\u201d kommer tillbaka i TV4. Nu kan Expressen avsl\u00f6ja att&hellip;\n","protected":false},"author":2,"featured_media":55103,"comment_status":"","ping_status":"","sticky":false,"template":"","format":"standard","meta":{"footnotes":""},"categories":[67],"tags":[104,384,2470,5326,34,645,31,33,32,30,310,105],"class_list":{"0":"post-55102","1":"post","2":"type-post","3":"status-publish","4":"format-standard","5":"has-post-thumbnail","7":"category-underhallning","8":"tag-entertainment","9":"tag-organization-tv4","10":"tag-person-joakim-lundell","11":"tag-person-john-lundvik","12":"tag-se","13":"tag-sections-tv","14":"tag-svenska","15":"tag-sverige","16":"tag-sweden","17":"tag-swedish","18":"tag-topic-kandisar","19":"tag-underhallning"},"share_on_mastodon":{"url":"","error":""},"_links":{"self":[{"href":"https:\/\/www.europesays.com\/se\/wp-json\/wp\/v2\/posts\/55102","targetHints":{"allow":["GET"]}}],"collection":[{"href":"https:\/\/www.europesays.com\/se\/wp-json\/wp\/v2\/posts"}],"about":[{"href":"https:\/\/www.europesays.com\/se\/wp-json\/wp\/v2\/types\/post"}],"author":[{"embeddable":true,"href":"https:\/\/www.europesays.com\/se\/wp-json\/wp\/v2\/users\/2"}],"replies":[{"embeddable":true,"href":"https:\/\/www.europesays.com\/se\/wp-json\/wp\/v2\/comments?post=55102"}],"version-history":[{"count":0,"href":"https:\/\/www.europesays.com\/se\/wp-json\/wp\/v2\/posts\/55102\/revisions"}],"wp:featuredmedia":[{"embeddable":true,"href":"https:\/\/www.europesays.com\/se\/wp-json\/wp\/v2\/media\/55103"}],"wp:attachment":[{"href":"https:\/\/www.europesays.com\/se\/wp-json\/wp\/v2\/media?parent=55102"}],"wp:term":[{"taxonomy":"category","embeddable":true,"href":"https:\/\/www.europesays.com\/se\/wp-json\/wp\/v2\/categories?post=55102"},{"taxonomy":"post_tag","embeddable":true,"href":"https:\/\/www.europesays.com\/se\/wp-json\/wp\/v2\/tags?post=55102"}],"curies":[{"name":"wp","href":"https:\/\/api.w.org\/{rel}","templated":true}]}}