{"id":55106,"date":"2025-10-14T03:37:09","date_gmt":"2025-10-14T03:37:09","guid":{"rendered":"https:\/\/www.europesays.com\/se\/55106\/"},"modified":"2025-10-14T03:37:09","modified_gmt":"2025-10-14T03:37:09","slug":"kim-kallstrom-om-jon-dahl-tomasson-fullt-fortroende","status":"publish","type":"post","link":"https:\/\/www.europesays.com\/se\/55106\/","title":{"rendered":"Kim K\u00e4llstr\u00f6m om Jon Dahl Tomasson: \u201dFullt f\u00f6rtroende\u201d"},"content":{"rendered":"<p>Det var en pressad Kim K\u00e4llstr\u00f6m som m\u00f6tte pressen efter f\u00f6rlusten mot Kosovo p\u00e5 Ullevi. M\u00e5nga av fr\u00e5gorna till f\u00f6rbundets fotbollschef handlade mycket v\u00e4ntat om f\u00f6rtroendet f\u00f6r f\u00f6rbundskapten Jon Dahl Tomasson.<\/p>\n<p>En po\u00e4ng p\u00e5 fyra matcher. Sveriges facit i VM-kvalet \u00e4r allt annat \u00e4n godk\u00e4nt. F\u00f6ga ov\u00e4ntat \u00e4r f\u00f6rbundskapten Jon Dahl Tomasson nu mycket pressad av b\u00e5de supportrar, som \u00e5ter vecklade ut banderoller som kr\u00e4vde f\u00f6rbundskaptenens avg\u00e5ng, och landets pressk\u00e5r. Men n\u00e5gon avg\u00e5ng blir det inte f\u00f6r f\u00f6rbundskapten menar f\u00f6rbundets fotbollschef Kim K\u00e4llstr\u00f6m.<br \/>\u2013 Vi har fullt f\u00f6rtroende f\u00f6r v\u00e5r f\u00f6rbundskapten tills vi inte har det, s\u00e4ger Kim K\u00e4llstr\u00f6m.<\/p>\n<p>Han menar att f\u00f6rbundet nu beh\u00f6ver analysera utifr\u00e5n var man nu st\u00e5r och att man nu beh\u00f6ver backa tillbaka och analysera i lugn och ro. Men \u00e4r v\u00e4l medveten om att kvalet inte inletts tillr\u00e4ckligt bra.<br \/>\u2013 Alla f\u00f6rst\u00e5r att det \u00e4r en situation som inte \u00e4r speciellt bra.<\/p>\n<p>Men trots den svaga inledningen har Sverige en viss chans att fortfarande n\u00e5 VM 2026, d\u00e5 genom ett play off via Nations League. Det finns med andra ord flera olika scenarion att ta h\u00e4nsyn till, menar K\u00e4llstr\u00f6m.<br \/>\u2013 Vi beh\u00f6ver t\u00e4nka l\u00e5ngsiktigt och kortsiktigt samtidigt. Det \u00e4r det vi beh\u00f6ver analysera: vad \u00e4r b\u00e4sta v\u00e4g fram\u00e5t f\u00f6r att vinna fotbollsmatcher. Det tror jag \u00e4r nyckeln.<\/p>\n<p>M\u00e5nga supportrar kr\u00e4ver nu f\u00f6rbundskaptenens avg\u00e5ng. Men n\u00e5gon avg\u00e5ng blir det inte i n\u00e4rtid. K\u00e4llstr\u00f6m trycker fr\u00e5gan om f\u00f6rbundskaptenen \u00e4r n\u00e5got som beh\u00f6vs bollas med flera olika parter inom f\u00f6rbundet innan man tar ett beslut om att sparka f\u00f6rbundskaptenen.<br \/>\u2013 Det \u00e4r stora beslut vi pratar om. Stora och viktiga beslut. S\u00e5 det \u00e4r inget man tar l\u00e4tt p\u00e5 och g\u00f6r f\u00f6rhastat.<\/p>\n<p>Sveriges n\u00e4sta match i VM-kvalet \u00e4r 15 november borta mot Schweiz. H\u00f6gst troligt med Jon Dahl Tomasson som f\u00f6rbundskapten \u00e4ven d\u00e5.<\/p>\n","protected":false},"excerpt":{"rendered":"Det var en pressad Kim K\u00e4llstr\u00f6m som m\u00f6tte pressen efter f\u00f6rlusten mot Kosovo p\u00e5 Ullevi. M\u00e5nga av fr\u00e5gorna&hellip;\n","protected":false},"author":2,"featured_media":55107,"comment_status":"","ping_status":"","sticky":false,"template":"","format":"standard","meta":{"footnotes":""},"categories":[5],"tags":[159,22,23,158,157,26,27,138,17,156,21,24,25,28,29,165,164,15,16,140,18,34,160,162,111,31,161,33,32,30,163,19,20],"class_list":{"0":"post-55106","1":"post","2":"type-post","3":"status-publish","4":"format-standard","5":"has-post-thumbnail","7":"category-rubriker","8":"tag-allsvenskan","9":"tag-breaking-news","10":"tag-breakingnews","11":"tag-fans","12":"tag-fantv","13":"tag-featured-news","14":"tag-featurednews","15":"tag-fotboll","16":"tag-headlines","17":"tag-hockey","18":"tag-huvudnyheter","19":"tag-latest-news","20":"tag-latestnews","21":"tag-main-news","22":"tag-mainnews","23":"tag-matcher","24":"tag-matchprogram","25":"tag-news","26":"tag-nyheter","27":"tag-premier-league","28":"tag-rubriker","29":"tag-se","30":"tag-serie-a","31":"tag-spelschema","32":"tag-sport","33":"tag-svenska","34":"tag-svenskafans","35":"tag-sverige","36":"tag-sweden","37":"tag-swedish","38":"tag-tabeller","39":"tag-top-stories","40":"tag-topstories"},"share_on_mastodon":{"url":"","error":""},"_links":{"self":[{"href":"https:\/\/www.europesays.com\/se\/wp-json\/wp\/v2\/posts\/55106","targetHints":{"allow":["GET"]}}],"collection":[{"href":"https:\/\/www.europesays.com\/se\/wp-json\/wp\/v2\/posts"}],"about":[{"href":"https:\/\/www.europesays.com\/se\/wp-json\/wp\/v2\/types\/post"}],"author":[{"embeddable":true,"href":"https:\/\/www.europesays.com\/se\/wp-json\/wp\/v2\/users\/2"}],"replies":[{"embeddable":true,"href":"https:\/\/www.europesays.com\/se\/wp-json\/wp\/v2\/comments?post=55106"}],"version-history":[{"count":0,"href":"https:\/\/www.europesays.com\/se\/wp-json\/wp\/v2\/posts\/55106\/revisions"}],"wp:featuredmedia":[{"embeddable":true,"href":"https:\/\/www.europesays.com\/se\/wp-json\/wp\/v2\/media\/55107"}],"wp:attachment":[{"href":"https:\/\/www.europesays.com\/se\/wp-json\/wp\/v2\/media?parent=55106"}],"wp:term":[{"taxonomy":"category","embeddable":true,"href":"https:\/\/www.europesays.com\/se\/wp-json\/wp\/v2\/categories?post=55106"},{"taxonomy":"post_tag","embeddable":true,"href":"https:\/\/www.europesays.com\/se\/wp-json\/wp\/v2\/tags?post=55106"}],"curies":[{"name":"wp","href":"https:\/\/api.w.org\/{rel}","templated":true}]}}