{"id":55118,"date":"2025-10-14T04:21:08","date_gmt":"2025-10-14T04:21:08","guid":{"rendered":"https:\/\/www.europesays.com\/se\/55118\/"},"modified":"2025-10-14T04:21:08","modified_gmt":"2025-10-14T04:21:08","slug":"de-star-bakom-greta-thunberg-hyllar-terrorgrupper-sverige","status":"publish","type":"post","link":"https:\/\/www.europesays.com\/se\/55118\/","title":{"rendered":"De st\u00e5r bakom Greta Thunberg \u2013 hyllar terrorgrupper | Sverige"},"content":{"rendered":"<p>N\u00e4r Greta Thunberg seglade mot Gaza var det ett tiotal svenskar som hj\u00e4lpte till bakom kulisserna.<\/p>\n<p>Nu kan Expressen avsl\u00f6ja att flera av dem har spridit terrorhyllningar.\u00a0<\/p>\n<p>\u2013 Om du hoppar in s\u00e5 tydligt i aktivistgrupper p\u00e5 olika sidor, b\u00e5de p\u00e5 palestinska och israeliska sidan, s\u00e5 f\u00e5r man olika typer av otrevliga karakt\u00e4rer i sin n\u00e4rhet p\u00e5 k\u00f6pet, s\u00e4ger Israel- och Palestinaexperten Anders Persson.\u00a0<\/p>\n<p><img   alt=\"\"\/><\/p>\n<p>I ett Instagraminl\u00e4gg publicerat av aktivisten Yaser Alshobaki poserar det svenska teamet tillsammans. Inl\u00e4gget delas vidare av flera personer som \u00e4r knutna till svenska Globala Sumud Flottilla.<\/p>\n<p>Foto: Chris Kebbon<\/p>\n<p>\u00d6ppna bild i helsk\u00e4rmArtikeln i korthet<\/p>\n<p> Ett tiotal svenska aktivister jobbade bakom kulisserna f\u00f6r Global Sumud Flottilla, d\u00e4r Greta Thunberg deltog.<\/p>\n<p> Flera av dem har demonstrerat med terrorsymboler, hyllat terrorst\u00e4mplade grupper eller spridit antisemitiska konspirationsteorier.<\/p>\n<p> Ingen av de utpekade har svarat p\u00e5 Expressens fr\u00e5gor om sina uttalanden och kontakter.<\/p>\n<p>Visa mer<\/p>\n<p>I tisdags f\u00f6rra veckan \u00e5terv\u00e4nde <a href=\"https:\/\/www.expressen.se\/tagg\/person\/greta-thunberg\/\" class=\"\" rel=\"nofollow noopener\" target=\"_blank\">Greta Thunberg<\/a>, den tidigare v\u00e4nsterpartistiska riksdagsledamoten Lorena Delagado Varas och de andra svenska aktivisterna fr\u00e5n Global Sumud Flottilla. Aktivisterna satt f\u00e4ngslade i Israel i flera dagar och vittnar om att de blev torterade. Efter frigivningen fl\u00f6g gruppen f\u00f6rst till Aten och d\u00e4refter vidare till Stockholm och Arlanda.<\/p>\n<p>P\u00e5 kv\u00e4llen deltog de svenska aktivisterna i en presskonferens p\u00e5 Sergels torg, arrangerad av gruppen <a href=\"https:\/\/www.expressen.se\/nyheter\/sverige\/gruppen-forfoljde-carl-oskar--bohlin--foresprakar-terror\/\" rel=\"nofollow noopener\" target=\"_blank\">Together for Palestine<\/a>. D\u00e4r talade de inf\u00f6r en stor folksamling om sin aktion.<\/p>\n<p>Greta Thunberg och de \u00f6vriga svenska aktivisterna seglade tillsammans med omkring 500 aktivister fr\u00e5n 44 l\u00e4nder i Global Sumud Flottilla. Tidigare har det avsl\u00f6jats att flera personer i den styrande kommitt\u00e9n har hyllat och haft samr\u00f6re med terrorst\u00e4mplade organisationer.<\/p>\n<p>\u00a0Hyllat terrorst\u00e4mplade grupper<\/p>\n<p>Flera har bland annat tr\u00e4ffat eller poserat med ledande representanter f\u00f6r terrorklassade <a href=\"https:\/\/www.expressen.se\/nyheter\/expressen-direkt\/?post=f29dbf18-0b2e-42d2-8c4a-773571099440\" rel=\"nofollow noopener\" target=\"_blank\">Hamas, Islamiska jihad och PFLP<\/a>. En av Globala Sumud Flottillas fr\u00e4msta f\u00f6retr\u00e4dare Thiago \u00c1vila n\u00e4rvarade dessutom p\u00e5 Hizbollahledaren Hassan Nasrallahs begravningsceremoni.\u00a0<\/p>\n<p>Greta Thunberg var tidigare en del av den styrande kommitt\u00e9n men <a href=\"https:\/\/www.expressen.se\/nyheter\/expressen-direkt\/?post=f29dbf18-0b2e-42d2-8c4a-773571099440\" rel=\"nofollow noopener\" target=\"_blank\">l\u00e4mnade<\/a> den mitt under resan \u00f6ver Medelhavet, med h\u00e4nvisning till att hon tar en roll som organisat\u00f6r och deltagare.\u00a0<\/p>\n<p>I ett Instagraminl\u00e4gg publicerat av aktivisten Yaser Alshobaki poserar det svenska teamet tillsammans. Inl\u00e4gget delas vidare av flera personer som \u00e4r knutna till svenska Globala Sumud Flottilla.<\/p>\n<p>Nu kan Expressen avsl\u00f6ja att flera av personerna bakom den svenska aktivistgruppen ocks\u00e5 har hyllat terrorst\u00e4mplade grupper. De var dock inte med p\u00e5 seglatsen, utan tillh\u00f6r en grupp p\u00e5 ett tiotal svenskar som koordinerade aktionen.<\/p>\n<p>Bachar Garar, 24<img loading=\"lazy\"   alt=\"\"\/><\/p>\n<p>Lorena Delgado Varas delar ett klipp via Instagram fr\u00e5n Barcelona d\u00e4r hon visar upp delar av det svenska teamet.<\/p>\n<p>\u00d6ppna bild i helsk\u00e4rm<\/p>\n<p>En av personerna p\u00e5 bilden med Greta Thunberg \u00e4r Bachar Garar, 24. Han tillh\u00f6r det svenska teamet bakom Global Sumud Flottilla och har en ledande position inom EPYU \u2013 en av Global Sumud Flottillas officiella st\u00f6dpartners. Han m\u00f6tte dessutom upp Greta Thunberg och andra svenska aktivister p\u00e5 Arlanda.\u00a0<\/p>\n<p>Redan i september var han p\u00e5 plats i Barcelona och hj\u00e4lpte till med f\u00f6rberedelserna inf\u00f6r resan.<\/p>\n<p>\u2013 Bachar jobbar stenh\u00e5rt med att st\u00f6tta oss, sa riksdagsledamoten och numera politiska vilden Lorena Delgado Varas i en video hon publicerade p\u00e5 Instagram.\u00a0<\/p>\n<p>Annons<\/p>\n<p>Men i slutet av 2024 deltog Bachar Garar i en annan aktion. Tillsammans med en handfull m\u00e4n st\u00e4llde han sig utanf\u00f6r palestinska ambassaden i Stockholm.\u00a0<\/p>\n<p>Men han var inte d\u00e4r f\u00f6r att st\u00f6dja ambassaden \u2013 tv\u00e4rtom.<\/p>\n<p>Trots att m\u00e4nnen var maskerade lyckades sajten <a href=\"https:\/\/doku.nu\/2025\/02\/09\/fredsstudenten-pekas-ut-for-dodshotet-vid-ambassaden\/\" rel=\"nofollow noopener\" target=\"_blank\">Doku<\/a>, som granskar den islamistiska milj\u00f6n i Sverige, identifiera Bachar Garar som den som ledde demonstrationen. Han sj\u00e4lv f\u00f6rnekade att han var den maskerade demonstranten, men han identifierades baserat p\u00e5 hans r\u00f6st, ring, klocka, mobiltelefonskal, skor och jacka som han ocks\u00e5 bar i anslutning till aktionen utanf\u00f6r ambassaden.\u00a0<\/p>\n<p>Runt sina huvuden bar demonstranterna Palestinska islamiska jihad-symbolen, en av EU terrorst\u00e4mplad organisation som deltog i terrorattacken den 7 oktober.<\/p>\n<p>\u201dTill v\u00e5rt folk i Palestina, till folket p\u00e5 V\u00e4stbanken: Svara p\u00e5 kallelsen f\u00f6r tro och plikt. Var en enad kropp. G\u00f6r er intifada till en jordb\u00e4vning som f\u00e4ller f\u00f6rr\u00e4darna och kollaborat\u00f6rerna\u201d, ropade Bachar Garar.\u00a0<\/p>\n<p>Demonstranterna riktade d\u00f6dshot mot presidenten i Palestina Mahmoud Abbas.<\/p>\n<p>\u201d\u00c5h Abbas, ha t\u00e5lamod. Vi gr\u00e4ver din grav i Jenin\u201d, ropade de.<\/p>\n<p><img loading=\"lazy\"   alt=\"\"\/><\/p>\n<p>Anders Persson \u00e4r statsvetare och Mellan\u00f6sternexpert vid Linn\u00e9universitetet med fokus p\u00e5 Israel och Palestina.<\/p>\n<p>Foto: Johan Nilsson \/ TT NYHETSBYR\u00c5N<\/p>\n<p>\u00d6ppna bild i helsk\u00e4rm<\/p>\n<p>Anders Persson \u00e4r statsvetare och Mellan\u00f6sternexpert vid Linn\u00e9universitetet med fokus p\u00e5 Israel och Palestina. Han s\u00e4ger om videon:<\/p>\n<p>\u2013 Palestinska islamiska jihad samarbetar med Hamas men \u00e4r i storlek mindre, historiskt mer radikalt \u00e4n Hamas och anses ha n\u00e4rmare band till Iran, s\u00e4ger Anders Persson.<\/p>\n<p>P\u00e5 demonstranternas pannband st\u00e5r det \u201dJeninbrigaderna\u201d p\u00e5 arabiska som inte \u00e4r n\u00e5gon etablerad grupp. Men logotypen tillh\u00f6r Palestinska islamiska jihad.<\/p>\n<p>\u2013 Palestinska islamiska jihad har alltid haft ett extra starkt f\u00e4ste i Jenin och i byarna runt Jenin, s\u00e4ger Anders Persson.\u00a0<\/p>\n<p><img loading=\"lazy\"   alt=\"\"\/><\/p>\n<p>Bachar Garar publicerar sj\u00e4lv inl\u00e4gg fr\u00e5n protesten utanf\u00f6r palestinska ambassaden i Stockholm<\/p>\n<p>\u00d6ppna bild i helsk\u00e4rm<\/p>\n<p>Bachar Garar har dock inte bara poserat maskerad med terrorsymboler utanf\u00f6r den palestinska ambassaden. Han har \u00e4ven en historik av att hylla terrorst\u00e4mplade grupper i Sverige, b\u00e5de p\u00e5 demonstrationer och via sina sociala medier.<\/p>\n<p>Han skriver att Hamas \u00e4r hj\u00e4ltar, s\u00f6rjer Hamasledare som d\u00f6dats av Israel och hyllar Hamas terrorattack den 7 oktober p\u00e5 sina sociala medier.<\/p>\n<p>\u2013 Det \u00e4r terrorhyllningar p\u00e5 alla tre bilder och bilden till h\u00f6ger \u00e4r ett s\u00e4tt att sprida ett segernarrativ fr\u00e5n Hamas synvinkel, s\u00e4ger Anders Persson.\u00a0<\/p>\n<p><img loading=\"lazy\"   alt=\"\"\/><\/p>\n<p>\u201dHj\u00e4ltar\u201d skriver Bachar Garar om f\u00f6retr\u00e4dare f\u00f6r terrorst\u00e4mplade Hamas<\/p>\n<p>\u00d6ppna bild i helsk\u00e4rmFidel Khalayli, 21<\/p>\n<p>En annan arrang\u00f6r \u00e4r Fidel Khalayli, 21. Redan p\u00e5 flygplatsen i Aten m\u00f6tte han upp Greta Thunberg och \u00f6vriga svenskar fr\u00e5n Global Sumud Flotilla. Han hj\u00e4lpte Greta Thunberg att ta sig f\u00f6rbi den stora folksamlingen och pressen p\u00e5 plats. Han var \u00e4ven n\u00e4rvarande p\u00e5 demonstrationen p\u00e5 Sergels torg.<\/p>\n<p>Annons<\/p>\n<p>I april i \u00e5r befann han sig p\u00e5 invigningen av Malm\u00f6 Arab Film Festival \u2013 en \u00e5rlig festival i Malm\u00f6 som visar och delar ut priser till arabiska filmer. N\u00e4rvarande var \u00e4ven Palestinas ambassad\u00f6r Rula Almhaissen. Fidel Khalayli protesterade h\u00f6gljutt mot hennes n\u00e4rvaro.<\/p>\n<p>\u201dSkam p\u00e5 styret. Skam p\u00e5 PLO. Och skam p\u00e5 er som har organiserat detta event\u201d, ropade han innan han leddes ut av s\u00e4kerhetsvakter.\u00a0<\/p>\n<p>P\u00e5 sina sociala medier har Fidel Khalayli \u00e5terkommande hyllat terrorst\u00e4mplade ledare, Hamas tidigare ledare Ismail Haniya och Hizbollahs tidigare ledare Hassan Nasrallah \u2013 b\u00e5da d\u00f6dade av Israel under 2024. Han har ocks\u00e5 via sina kanaler spridit uppmaningar fr\u00e5n terrorst\u00e4mplade Hamas, som n\u00e4r de i v\u00e5ras uppmanade m\u00e4nniskor att demonstrera utanf\u00f6r israeliska och amerikanska ambassader.<\/p>\n<p>\u2013 Det \u00e4r inget ovanligt och inget fel i sig att demonstrera utanf\u00f6r ett lands ambassad om man \u00e4r missn\u00f6jd med dess politik. Men om det \u00e4r en direkt uppmaning fr\u00e5n Hamas s\u00e5 visar det att det finns personer i Sverige som \u00e4r villiga att f\u00f6lja den uppmaningen, s\u00e4ger Anders Persson.\u00a0<\/p>\n<p><img loading=\"lazy\"   alt=\"\"\/><\/p>\n<p>P\u00e5 \u00e5rsdagen av Hizbollahledaren Hassan Nasrallahs d\u00f6d hyllade Fidel Khalayli honom p\u00e5 Instagram.<\/p>\n<p>\u00d6ppna bild i helsk\u00e4rmYaser Alshobaki, 27 \u00e5r<\/p>\n<p>\u00c4nnu en arrang\u00f6r som finns p\u00e5 bilden tillsammans med Greta Thunberg \u00e4r Yaser Alshobaki, 27 \u00e5r. I Instagraminl\u00e4gget d\u00e4r han delar bilden skriver han:\u00a0<\/p>\n<p>\u201dI \u00f6ver tre m\u00e5nader bar vi dr\u00f6mmen som en gl\u00f6d genom natten \u2013 vakna n\u00e4tter, tr\u00f6tta dagar, men ett hopp som v\u00e4grade slockna. F\u00f6r att Sverige skulle vara en del av n\u00e5got st\u00f6rre \u00e4n oss sj\u00e4lva: Global Sumud Flotilla \u201d<\/p>\n<p>Yaser Alshobaki har tidigare bjudits in till riksdagen av V\u00e4nsterpartiet som representant f\u00f6r \u201dde folkliga f\u00f6rbunden inom palestinska befrielseorganisationen PLO\u201d. PLO \u00e4r ideologiskt motst\u00e5ndare till Hamas. Trots det har Yaser Alshobaki spridit inneh\u00e5ll i sina kanaler till st\u00f6d f\u00f6r den terrorst\u00e4mplade gruppen Hamas.<\/p>\n<p><img loading=\"lazy\"   alt=\"\"\/><\/p>\n<p>Yaser Alshobaki poserar bland annat med Nooshi Dadgostar under ett m\u00f6te med V\u00e4nsterpartiet i riksdagen<\/p>\n<p>\u00d6ppna bild i helsk\u00e4rm<\/p>\n<p>P\u00e5 sina sociala medier delar han dessutom klipp fr\u00e5n filmer som sprider antisemitiska konspirationsteorier om judar och banksystem. Svenska kommitt\u00e9n mot antisemitism reagerar starkt p\u00e5 inl\u00e4gget. \u00a0<\/p>\n<p>\u2013 Inl\u00e4gget sprider en konspirationsteori om judar, makt och pengar, h\u00e4r symboliserat av Rothschild. Talande nog utnyttjas i princip samma klipp ur den amerikanska filmen \u201dThe house of Rothschild\u201d som anv\u00e4ndes i den nazityska antisemitiska propagandafilmen \u201dDer ewige Jude\u201d (\u201dDen evige juden\u201d) 1940, s\u00e4ger Mathan Shastin Ravid, kanslichef p\u00e5 SKMA.<\/p>\n<p><img loading=\"lazy\"   alt=\"\"\/><\/p>\n<p>\u201dTalande nog utnyttjas i princip samma klipp ur den amerikanska filmen \u201dThe House of Rothschild\u201d som anv\u00e4ndes i den nazityska antisemitiska propagandafilmen \u201dDer ewige Jude\u201d (\u201dDen evige juden\u201d) 1940\u201d, s\u00e4ger Mathan Shastin Ravid, kanslichef p\u00e5 SKMA.<\/p>\n<p>\u00d6ppna bild i helsk\u00e4rm<\/p>\n<p>I ytterligare ett inl\u00e4gg hyllar Yaser Alshobaki Dalal Mughrabi som 1978 ledde en terrorattack d\u00e4r 38 civila israeler, varav 13 barn, d\u00f6dades. Det var den d\u00f6dligaste attacken p\u00e5 israeliska judar i Israel fram till den 7 oktober 2023, konstaterar Anders Persson.\u00a0<\/p>\n<p>P\u00e5 Instagram skriver Yaser Alshobaki att Dalal Mughrabi \u00e4r \u201den kvinna v\u00e4rd tusen m\u00e4n\u201d och att hon begick en \u201dhj\u00e4ltemodig operation\u201d.\u00a0<\/p>\n<p>\u2013 Hon \u00e4r verkligen den palestinska terrorprinsessan, s\u00e4ger Anders Persson.\u00a0<\/p>\n<p><img loading=\"lazy\"   alt=\"\"\/><\/p>\n<p>Yaser Alshobaki hyllar Dalal Mughrabi, som ledde en massaker p\u00e5 38 civila israeler, varav 13 barn \u00e5r 1978. Det var den d\u00f6dligaste attacken p\u00e5 judar i Israel fram till den 7 oktober 2023<\/p>\n<p>\u00d6ppna bild i helsk\u00e4rm<\/p>\n<p>Expressen har s\u00f6kt Greta Thunberg, Lorena Delgado Varas, Bachar Garar, Fidel Khalayli och Yaser Alshobaki f\u00f6r kommentarer. De har ocks\u00e5 f\u00e5tt skriftliga fr\u00e5gor om sina kontakter, men har valt att inte \u00e5terkomma.\u00a0<\/p>\n","protected":false},"excerpt":{"rendered":"N\u00e4r Greta Thunberg seglade mot Gaza var det ett tiotal svenskar som hj\u00e4lpte till bakom kulisserna. Nu kan&hellip;\n","protected":false},"author":2,"featured_media":55119,"comment_status":"","ping_status":"","sticky":false,"template":"","format":"standard","meta":{"footnotes":""},"categories":[12],"tags":[22,23,26,27,17,21,24,25,56,28,29,15,16,1226,18,34,154,31,33,32,30,19,20],"class_list":{"0":"post-55118","1":"post","2":"type-post","3":"status-publish","4":"format-standard","5":"has-post-thumbnail","7":"category-sverige","8":"tag-breaking-news","9":"tag-breakingnews","10":"tag-featured-news","11":"tag-featurednews","12":"tag-headlines","13":"tag-huvudnyheter","14":"tag-latest-news","15":"tag-latestnews","16":"tag-location-gaza","17":"tag-main-news","18":"tag-mainnews","19":"tag-news","20":"tag-nyheter","21":"tag-person-greta-thunberg","22":"tag-rubriker","23":"tag-se","24":"tag-sections-sverige","25":"tag-svenska","26":"tag-sverige","27":"tag-sweden","28":"tag-swedish","29":"tag-top-stories","30":"tag-topstories"},"share_on_mastodon":{"url":"","error":""},"_links":{"self":[{"href":"https:\/\/www.europesays.com\/se\/wp-json\/wp\/v2\/posts\/55118","targetHints":{"allow":["GET"]}}],"collection":[{"href":"https:\/\/www.europesays.com\/se\/wp-json\/wp\/v2\/posts"}],"about":[{"href":"https:\/\/www.europesays.com\/se\/wp-json\/wp\/v2\/types\/post"}],"author":[{"embeddable":true,"href":"https:\/\/www.europesays.com\/se\/wp-json\/wp\/v2\/users\/2"}],"replies":[{"embeddable":true,"href":"https:\/\/www.europesays.com\/se\/wp-json\/wp\/v2\/comments?post=55118"}],"version-history":[{"count":0,"href":"https:\/\/www.europesays.com\/se\/wp-json\/wp\/v2\/posts\/55118\/revisions"}],"wp:featuredmedia":[{"embeddable":true,"href":"https:\/\/www.europesays.com\/se\/wp-json\/wp\/v2\/media\/55119"}],"wp:attachment":[{"href":"https:\/\/www.europesays.com\/se\/wp-json\/wp\/v2\/media?parent=55118"}],"wp:term":[{"taxonomy":"category","embeddable":true,"href":"https:\/\/www.europesays.com\/se\/wp-json\/wp\/v2\/categories?post=55118"},{"taxonomy":"post_tag","embeddable":true,"href":"https:\/\/www.europesays.com\/se\/wp-json\/wp\/v2\/tags?post=55118"}],"curies":[{"name":"wp","href":"https:\/\/api.w.org\/{rel}","templated":true}]}}