{"id":55195,"date":"2025-10-14T06:29:08","date_gmt":"2025-10-14T06:29:08","guid":{"rendered":"https:\/\/www.europesays.com\/se\/55195\/"},"modified":"2025-10-14T06:29:08","modified_gmt":"2025-10-14T06:29:08","slug":"a-kasse-indikatorn-farre-nya-ansokningar-om-a-kassa-i-september","status":"publish","type":"post","link":"https:\/\/www.europesays.com\/se\/55195\/","title":{"rendered":"A-kasse-indikatorn: F\u00e4rre nya ans\u00f6kningar om a-kassa i september"},"content":{"rendered":"<p>&#13;<br \/>\n                        &#13;<br \/>\n&#13;<br \/>\n&#13;<\/p>\n<p><strong>Antalet nya ans\u00f6kningar om a-kassa forts\u00e4tter att minska f\u00f6r tredje m\u00e5naden i rad och i september gjorde 28 793 personer sin f\u00f6rsta ans\u00f6kan. Det \u00e4r en minskning med 8,7 procent j\u00e4mf\u00f6rt med augusti d\u00e5 31 529 personer ans\u00f6kte f\u00f6r f\u00f6rsta g\u00e5ngen. Detta visar A-kasse-indikatorn fr\u00e5n Sveriges a-kassor.<\/strong><\/p>\n<p>&#13;<\/p>\n<p style=\" margin-bottom:8pt;margin-top:12px;\">Om man j\u00e4mf\u00f6r med situationen f\u00f6r ett \u00e5r sedan n\u00e4r 39\u00a0162 personer gjorde sin f\u00f6rsta ans\u00f6kan, \u00e4r minskningen \u00e4n mer kraftig. Fr\u00e5n september 2024 har antalet nya ans\u00f6kningar om arbetsl\u00f6shetsers\u00e4ttning minskat med 26,4 procent.<\/p>\n<p style=\" margin-bottom:8pt; margin-top:0pt;\"><strong>B\u00f6rjan p\u00e5 sjunkande arbetsl\u00f6shet?<\/strong> Utvecklingen under sommarm\u00e5naderna kan tyda p\u00e5 ett trendbrott. Under s\u00e5v\u00e4l sommaren 2023 som 2024 \u00f6kade antalet ans\u00f6kningar i juli-september, men under motsvarande period i \u00e5r har det sjunkit.<\/p>\n<p style=\"margin-bottom:8pt; margin-left:36pt; margin-top:0pt;\">&#8211;\u00a0\u00a0\u00a0\u00a0\u00a0\u00a0\u00a0\u00a0\u00a0 De som f\u00e5r ers\u00e4ttning utbetald \u00f6kar n\u00e5got \u00f6ver sommaren, medan ans\u00f6kningar fr\u00e5n personer som s\u00f6ker ers\u00e4ttning f\u00f6r f\u00f6rsta g\u00e5ngen minskar. Om infl\u00f6det av nya ans\u00f6kningar forts\u00e4tter att minska under h\u00f6sten kan detta vara b\u00f6rjan p\u00e5 en svagt sjunkande arbetsl\u00f6shet i den grupp som f\u00e5r ers\u00e4ttning fr\u00e5n a-kassorna, kommenterar Tomas Eriksson, kanslichef p\u00e5 Sveriges a-kassor.<\/p>\n<p style=\" margin-bottom:8pt; margin-top:0pt;\"><img loading=\"lazy\" decoding=\"async\" alt=\"En bild som visar text, sk\u00e4rmbild, Graf, linje&#10;&#10;AI-genererat inneh\u00e5ll kan vara felaktigt.\" height=\"291\" src=\"https:\/\/www.europesays.com\/se\/wp-content\/uploads\/2025\/10\/ae719eafb3d34f24_800x800ar.png\" width=\"519\"\/>\u00a0<\/p>\n<p style=\"margin-bottom:0pt; margin-left:36pt; margin-top:0pt;\">&#8211;\u00a0\u00a0\u00a0\u00a0\u00a0\u00a0\u00a0\u00a0\u00a0 Att antalet personer med ers\u00e4ttning \u00f6kar just i september kan delvis bero p\u00e5 att a-kassorna har arbetat f\u00f6r att komma till beslut i fler \u00e4renden inf\u00f6r den 1 oktober n\u00e4r den nya arbetsl\u00f6shetsf\u00f6rs\u00e4kringen inf\u00f6rdes.\u00a0<\/p>\n<p style=\"margin-bottom:8pt; margin-left:36pt; margin-top:0pt;\">&#8211;\u00a0\u00a0\u00a0\u00a0\u00a0\u00a0\u00a0\u00a0\u00a0 \u00a0<\/p>\n<p style=\" margin-bottom:8pt; margin-top:0pt;\"><strong>A-kasse-indikatorn<\/strong> m\u00e4ter m\u00e5nadsvis antalet nya ans\u00f6kningar om arbetsl\u00f6shetsers\u00e4ttning. A-kasse-indikatorn \u00e4r ett m\u00e5tt av utvecklingen p\u00e5 arbetsmarknaden och ett tecken p\u00e5 i vilken utstr\u00e4ckning de som \u00e4r medlemmar i en <br \/>a-kassa s\u00f6ker st\u00f6d genom arbetsl\u00f6shetsf\u00f6rs\u00e4kringen. <\/p>\n<p style=\" margin-bottom:8pt; margin-top:0pt;\">\u2013 A-kassan \u00e4r b\u00e5de en trygghets- och en omst\u00e4llningsf\u00f6rs\u00e4kring f\u00f6r att m\u00e4nniskor ska v\u00e5ga byta jobb eller bransch ocks\u00e5 i os\u00e4kra tider, s\u00e4ger Tomas Eriksson.<\/p>\n<p style=\" margin-bottom:8pt; margin-top:0pt;\">Den m\u00e5natliga statistiken i A-kasse-indikatorn \u00e4r ett bidrag till den analys som l\u00f6pande genomf\u00f6rs av utvecklingen p\u00e5 arbetsmarknaden. Statistiken uppdateras endast med den senast tillg\u00e4ngliga m\u00e5naden. Det f\u00f6rekommer att ans\u00f6knings\u00e4renden tillkommer i efterhand. Eftersom statistiken inte uppdateras l\u00e4ngre tillbaka i tiden, ing\u00e5r inte dessa \u00e4renden i diagrammet.<\/p>\n<p style=\" margin-bottom:8pt; margin-top:0pt;\"><strong>\u00a0<\/strong><\/p>\n<p style=\" margin-bottom:8pt; margin-top:0pt;\"><strong>F\u00f6r mer information, v. v. kontakta:<\/strong><\/p>\n<p style=\" margin-bottom:8pt; margin-top:0pt;\">Tomas Eriksson, kanslichef Sveriges a-kassor, 070-583 19 37 eller <a href=\"https:\/\/news.cision.com\/se\/sveriges-a-kassor\/r\/mailto:tomas.eriksson@sverigesakassor.se\" rel=\"nofollow noopener\" target=\"_blank\">tomas.eriksson@sverigesakassor.se<\/a>.<\/p>\n<p style=\" margin-bottom:8pt; margin-top:0pt;\"><strong>Presskontakt:<\/strong> Johan Ahlgren, kommunikationschef Sveriges a-kassor, 076-304 72 86 eller <a href=\"https:\/\/news.cision.com\/se\/sveriges-a-kassor\/r\/mailto:johan.ahlgren@sverigesakassor.se\" rel=\"nofollow noopener\" target=\"_blank\">johan.ahlgren@sverigesakassor.se<\/a> <\/p>\n<p style=\" margin-bottom:8pt; margin-top:0pt;\"><strong>Fakta om a-kassan <\/strong><br \/>&#8211; Den nya arbetsl\u00f6shetsf\u00f6rs\u00e4kringen inf\u00f6rdes den 1 oktober 2025 och d\u00e4r baseras ers\u00e4ttningen p\u00e5 inkomst i st\u00e4llet f\u00f6r arbetad tid. Du som \u00e4r medlem i en a-kassa kan f\u00e5 ers\u00e4ttning med 80, 60 eller 50 procent av din tidigare inkomst vid arbetsl\u00f6shet. Det som avg\u00f6r hur h\u00f6g ers\u00e4ttning man kan f\u00e5 \u00e4r hur l\u00e4nge man har varit medlem. Den h\u00f6gsta inkomst som kan ers\u00e4ttas i den nya f\u00f6rs\u00e4kringen \u00e4r 34\u00a0000 kronor i m\u00e5naden.<br \/>&#8211; I den tidigare arbetsl\u00f6shetsf\u00f6rs\u00e4kringen, som under en period kommer att g\u00e4lla parallellt med den nya f\u00f6rs\u00e4kringen, kan du som \u00e4r medlem i en a-kassa f\u00e5 upp till 80 procent av din tidigare l\u00f6n i ers\u00e4ttning vid arbetsl\u00f6shet. Som h\u00f6gst kan man f\u00e5 26\u00a0400 kronor per m\u00e5nad f\u00f6re skatt. Det kan j\u00e4mf\u00f6ras med den l\u00e4gre grunders\u00e4ttningen p\u00e5 upp till 11\u00a0220 kronor i m\u00e5naden som den som inte \u00e4r medlem i en a-kassa kan ans\u00f6ka om. <br \/>&#8211; Sju av tio svenskar \u00e4r medlemmar i a-kassan.<br \/>&#8211; Som medlem i a-kassan kan du f\u00e5 en h\u00f6gre ers\u00e4ttning vid arbetsl\u00f6shet baserad p\u00e5 din tidigare inkomst.<br \/>&#8211; I Sverige finns 24 olika a-kassor, de flesta \u00e4r specialiserade p\u00e5 olika yrkesomr\u00e5den. <br \/>&#8211; A-kassorna och arbetsl\u00f6shetsf\u00f6rs\u00e4kringen finansieras av medlemsavgifter, arbetsgivaravgifter och f\u00f6retagarnas egenavgifter.<br \/>&#8211; Den 1 oktober 2025 inf\u00f6rs den nya arbetsl\u00f6shetsf\u00f6rs\u00e4kringen d\u00e4r ers\u00e4ttningen baseras p\u00e5 inkomst i st\u00e4llet f\u00f6r arbetad tid.<\/p>\n<p style=\" margin-bottom:8pt; margin-top:0pt;\">\u00a0<\/p>\n<p>&#13;<br \/>\n&#13;<br \/>\n&#13;<\/p>\n<p><strong>F\u00f6r mer information, kontakta g\u00e4rna:<\/strong><\/p>\n<p><strong>Tomas Eriksson<\/strong><br \/>Kanslichef Sveriges a-kassor<br \/>070-583 19 37<br \/><a href=\"https:\/\/news.cision.com\/se\/sveriges-a-kassor\/r\/mailto:tomas.eriksson@sverigesakassor.se\" rel=\"nofollow noopener\" target=\"_blank\">tomas.eriksson@sverigesakassor.se<\/a>\u00a0<\/p>\n<p><strong>Johan Ahlgren<\/strong><br \/>Kommunikationschef Sveriges a-kassor<br \/>076-304 72 86<br \/><a href=\"https:\/\/news.cision.com\/se\/sveriges-a-kassor\/r\/mailto:tomas.eriksson@sverigesakassor.se\" rel=\"nofollow noopener\" target=\"_blank\">johan.ahlgren@sverigesakassor.se<\/a>\u00a0<\/p>\n<p>&#13;<\/p>\n<p>Sveriges a-kassor \u00e4r service- och intresseorganisation f\u00f6r 24\u00a0a-kassor med totalt 3,9\u00a0miljoner medlemmar. Vi arbetar f\u00f6r att \u00e4nnu fler ska f\u00e5 tillg\u00e5ng till tryggheten som a-kassan inneb\u00e4r. V\u00e5rt uppdrag \u00e4r att st\u00f6tta a-kassorna med opinionsbildning, utbildning och IT-utveckling. L\u00e4s mer p\u00e5 <a href=\"http:\/\/www.sverigesakassor.se\/\" rel=\"nofollow noopener\" target=\"_blank\">www.sverigesakassor.se<\/a>.<\/p>\n<p><strong>Taggar:<\/strong><\/p>\n<p>&#13;<br \/>\n&#13;<br \/>\n&#13;<\/p>\n","protected":false},"excerpt":{"rendered":"&#13; &#13; &#13; &#13; Antalet nya ans\u00f6kningar om a-kassa forts\u00e4tter att minska f\u00f6r tredje m\u00e5naden i rad och&hellip;\n","protected":false},"author":2,"featured_media":55196,"comment_status":"","ping_status":"","sticky":false,"template":"","format":"standard","meta":{"footnotes":""},"categories":[65],"tags":[837,5333,5334,5332,5331,720,72,70,71,34,31,33,5335,32,30],"class_list":{"0":"post-55195","1":"post","2":"type-post","3":"status-publish","4":"format-standard","5":"has-post-thumbnail","7":"category-ekonomi","8":"tag-a-kassa","9":"tag-a-kassan","10":"tag-a-kassorna","11":"tag-arbetslshet","12":"tag-arbetslshetsfrskring","13":"tag-arbetsmarknad","14":"tag-business","15":"tag-economy","16":"tag-ekonomi","17":"tag-se","18":"tag-svenska","19":"tag-sverige","20":"tag-sveriges-a-kassor","21":"tag-sweden","22":"tag-swedish"},"share_on_mastodon":{"url":"","error":""},"_links":{"self":[{"href":"https:\/\/www.europesays.com\/se\/wp-json\/wp\/v2\/posts\/55195","targetHints":{"allow":["GET"]}}],"collection":[{"href":"https:\/\/www.europesays.com\/se\/wp-json\/wp\/v2\/posts"}],"about":[{"href":"https:\/\/www.europesays.com\/se\/wp-json\/wp\/v2\/types\/post"}],"author":[{"embeddable":true,"href":"https:\/\/www.europesays.com\/se\/wp-json\/wp\/v2\/users\/2"}],"replies":[{"embeddable":true,"href":"https:\/\/www.europesays.com\/se\/wp-json\/wp\/v2\/comments?post=55195"}],"version-history":[{"count":0,"href":"https:\/\/www.europesays.com\/se\/wp-json\/wp\/v2\/posts\/55195\/revisions"}],"wp:featuredmedia":[{"embeddable":true,"href":"https:\/\/www.europesays.com\/se\/wp-json\/wp\/v2\/media\/55196"}],"wp:attachment":[{"href":"https:\/\/www.europesays.com\/se\/wp-json\/wp\/v2\/media?parent=55195"}],"wp:term":[{"taxonomy":"category","embeddable":true,"href":"https:\/\/www.europesays.com\/se\/wp-json\/wp\/v2\/categories?post=55195"},{"taxonomy":"post_tag","embeddable":true,"href":"https:\/\/www.europesays.com\/se\/wp-json\/wp\/v2\/tags?post=55195"}],"curies":[{"name":"wp","href":"https:\/\/api.w.org\/{rel}","templated":true}]}}