{"id":55216,"date":"2025-10-14T07:10:08","date_gmt":"2025-10-14T07:10:08","guid":{"rendered":"https:\/\/www.europesays.com\/se\/55216\/"},"modified":"2025-10-14T07:10:08","modified_gmt":"2025-10-14T07:10:08","slug":"stopp-pa-tvarbanan-i-stockholm-expressen","status":"publish","type":"post","link":"https:\/\/www.europesays.com\/se\/55216\/","title":{"rendered":"Stopp p\u00e5 Tv\u00e4rbanan i Stockholm &#8211; Expressen"},"content":{"rendered":"<ol>\n<li><a href=\"https:\/\/news.google.com\/rss\/articles\/CBMilwFBVV95cUxOVXVEeUUyS056b3ZNaklwNFI5N3hyQXd1MjdaR2pjbVV5S3NRWGx0cTFPU25JR1dLbkwzaVMyV3pQaU55N2JUcGtwNmhOcnM3MlpzelQxVDZadS1EV3lwdVpXaEFWX2pwTFE3MEUwUGRRUk5SdjZfYXk1TU42N3FQY19sOXVLbS0tUmxfbE5JUEdoOVZ0d19F?oc=5\" target=\"_blank\" rel=\"nofollow noopener\">Stopp p\u00e5 Tv\u00e4rbanan i Stockholm<\/a>&nbsp;&nbsp;Expressen<\/li>\n<li><a href=\"https:\/\/news.google.com\/rss\/articles\/CBMidkFVX3lxTE9nTENveDRORFgxT2dWbEpYUW90Q0dRQzdSUjhZQVFpQlJzS3daZmNWa3VZYmZaMS00Nl9WNlhOUTdRMXRKMzhXVWNvaGkyU01vRXpWWEdIR3Q0UHlkMWlvOS1fa2lWZzNGWWozU1ZBakZhdVhFVXc?oc=5\" target=\"_blank\" rel=\"nofollow noopener\">Buss i diket p\u00e5 rv 49 i Sk\u00f6vde \u2013 v\u00e4gen avst\u00e4ngd<\/a>&nbsp;&nbsp;Sveriges Radio<\/li>\n<li><a href=\"https:\/\/news.google.com\/rss\/articles\/CBMilwFBVV95cUxNaHc5bVdGY2p3NzVaYTZBUkNYVVY4MFBkRDEtMG1yUXZpdFdBcVlvWENXZXFKb3h5UEVOS2VZNGthZkItaGtnS0o0RGRGaGlwWWlhOVhaXzhRZXU2OThGejN5QjRZb1JzbEV2RFdVejljWkU4WVVNbDNhak9Uc0pTSUdCN18wcE1ZRE5qVWxWRVhzcmxqZ3RB?oc=5\" target=\"_blank\" rel=\"nofollow noopener\">Kraftigt vinstlyft f\u00f6r Ericsson<\/a>&nbsp;&nbsp;Expressen<\/li>\n<li><a href=\"https:\/\/news.google.com\/rss\/articles\/CBMidkFVX3lxTE5IZ0UzeE9oYXdZUnNQQzlrcTZjVk5VTlJIMENJMkZKT0NTMENJSGxsSjBXVkJJR1dDTERpVF9YbUUyV3l3b2FoNDVPSWxWZmNzMWRZNkp0eGZEcHRCdnFMX2NSdjlYSVJEb0NOM3psV29HTTIxV2c?oc=5\" target=\"_blank\" rel=\"nofollow noopener\">JUST NU: Buss har v\u00e4lt i morgontrafiken<\/a>&nbsp;&nbsp;sla.se<\/li>\n<li><a href=\"https:\/\/news.google.com\/rss\/articles\/CBMiggFBVV95cUxQem1lb3hCR0loNzdkTjRJcEQwN21xUHkwOTk2U2dna19IdkxhWHNJNnRpY2dVS2dkdDhOcC1ld1M2U1JscWZfQmROeXFHeC1QOWNxWEx5YkdsZDQtMjRlVTN6Mnc0NXhfX1puTlY3UTJFOGczSnpxa2VndG9MUGxmWkZn?oc=5\" target=\"_blank\" rel=\"nofollow noopener\">En buss k\u00f6r av oklar anledning av v\u00e4gen p\u00e5 riksv\u00e4g 49 i utkanten av Sk\u00f6vde. Enligt initiala uppgifter ska ingen person ha kommit till skada.<\/a>&nbsp;&nbsp;Brottsplatskartan.se<\/li>\n<\/ol>\n","protected":false},"excerpt":{"rendered":"Stopp p\u00e5 Tv\u00e4rbanan i Stockholm&nbsp;&nbsp;Expressen Buss i diket p\u00e5 rv 49 i Sk\u00f6vde \u2013 v\u00e4gen avst\u00e4ngd&nbsp;&nbsp;Sveriges Radio Kraftigt&hellip;\n","protected":false},"author":2,"featured_media":39,"comment_status":"","ping_status":"","sticky":false,"template":"","format":"standard","meta":{"footnotes":""},"categories":[14],"tags":[22,23,26,27,35,17,21,24,25,28,29,15,16,18,34,31,33,32,30,19,20,51,52,53,54],"class_list":{"0":"post-55216","1":"post","2":"type-post","3":"status-publish","4":"format-standard","5":"has-post-thumbnail","7":"category-varlden","8":"tag-breaking-news","9":"tag-breakingnews","10":"tag-featured-news","11":"tag-featurednews","12":"tag-function-ta-bort-ai-rost","13":"tag-headlines","14":"tag-huvudnyheter","15":"tag-latest-news","16":"tag-latestnews","17":"tag-main-news","18":"tag-mainnews","19":"tag-news","20":"tag-nyheter","21":"tag-rubriker","22":"tag-se","23":"tag-svenska","24":"tag-sverige","25":"tag-sweden","26":"tag-swedish","27":"tag-top-stories","28":"tag-topstories","29":"tag-varlden","30":"tag-world","31":"tag-world-news","32":"tag-worldnews"},"share_on_mastodon":{"url":"","error":""},"_links":{"self":[{"href":"https:\/\/www.europesays.com\/se\/wp-json\/wp\/v2\/posts\/55216","targetHints":{"allow":["GET"]}}],"collection":[{"href":"https:\/\/www.europesays.com\/se\/wp-json\/wp\/v2\/posts"}],"about":[{"href":"https:\/\/www.europesays.com\/se\/wp-json\/wp\/v2\/types\/post"}],"author":[{"embeddable":true,"href":"https:\/\/www.europesays.com\/se\/wp-json\/wp\/v2\/users\/2"}],"replies":[{"embeddable":true,"href":"https:\/\/www.europesays.com\/se\/wp-json\/wp\/v2\/comments?post=55216"}],"version-history":[{"count":0,"href":"https:\/\/www.europesays.com\/se\/wp-json\/wp\/v2\/posts\/55216\/revisions"}],"wp:featuredmedia":[{"embeddable":true,"href":"https:\/\/www.europesays.com\/se\/wp-json\/wp\/v2\/media\/39"}],"wp:attachment":[{"href":"https:\/\/www.europesays.com\/se\/wp-json\/wp\/v2\/media?parent=55216"}],"wp:term":[{"taxonomy":"category","embeddable":true,"href":"https:\/\/www.europesays.com\/se\/wp-json\/wp\/v2\/categories?post=55216"},{"taxonomy":"post_tag","embeddable":true,"href":"https:\/\/www.europesays.com\/se\/wp-json\/wp\/v2\/tags?post=55216"}],"curies":[{"name":"wp","href":"https:\/\/api.w.org\/{rel}","templated":true}]}}