{"id":55270,"date":"2025-10-14T08:44:07","date_gmt":"2025-10-14T08:44:07","guid":{"rendered":"https:\/\/www.europesays.com\/se\/55270\/"},"modified":"2025-10-14T08:44:07","modified_gmt":"2025-10-14T08:44:07","slug":"mans-zelmerlows-skilsmassa-med-ciara-janson-pausas","status":"publish","type":"post","link":"https:\/\/www.europesays.com\/se\/55270\/","title":{"rendered":"M\u00e5ns Zelmerl\u00f6ws skilsm\u00e4ssa med Ciara Janson pausas"},"content":{"rendered":"<p><strong>M\u00e5ns Zelmerl\u00f6w och Ciara Jansons skilsm\u00e4ssa har lagts p\u00e5 is, det rapporterar <a href=\"https:\/\/www.expressen.se\/noje\/zelmerlows-skilsmassa-pa-is\/\" data-type=\"link\" data-id=\"https:\/\/www.expressen.se\/noje\/zelmerlows-skilsmassa-pa-is\/\" rel=\"nofollow noopener\" target=\"_blank\">Expressen<\/a>. Enligt handlingar som tidningen tagit del av kan makarna inte komma \u00f6verens om i vilket av deras respektive heml\u00e4nder skilsm\u00e4ssan ska avg\u00f6ras.<\/strong><\/p>\n<p><img loading=\"lazy\" decoding=\"async\" width=\"1200\" height=\"800\" src=\"https:\/\/www.europesays.com\/se\/wp-content\/uploads\/2025\/10\/ciara-zelmerlow-jag-har-varit-tyst-for-lange-1.jpg\" alt=\"\" class=\"wp-image-387398\"\/>Foto: Instagram @ciarajzelmerlow<\/p>\n<p>Det var i v\u00e5ras som det blev k\u00e4nt att <strong><a href=\"https:\/\/metromode.se\/tag\/mans-zelmerlow\/\" rel=\"nofollow noopener\" target=\"_blank\">M\u00e5ns Zelmerl\u00f6w<\/a><\/strong>\u00a0och den brittiska sk\u00e5despelaren\u00a0<strong><a href=\"https:\/\/metromode.se\/tag\/ciara-janson\/\" rel=\"nofollow noopener\" target=\"_blank\">Ciara Janson<\/a><\/strong>\u00a0skulle skilja sig efter sex \u00e5r som gifta. Skilsm\u00e4ssan blev snart infekterad d\u00e5 Janson gick ut i sociala medier och riktade flera allvarliga anklagelser mot sin make.<\/p>\n<p><strong>Ska l\u00e4gga fram sina argument i brittisk domstol<\/strong><\/p>\n<p>Nu har skilsm\u00e4ssan pausats, det skriver Expressen. Anledningen \u00e4r att makarna inte \u00e4r \u00f6verens om den ska avg\u00f6ras i Storbritannien eller Sverige.<\/p>\n<p>Enligt tidningen kommer fr\u00e5gan avg\u00f6ras av en domstol i Storbritannien efter att b\u00e5da parterna lagt fram sina argument, f\u00f6ljt av en f\u00f6rhandling.<\/p>\n","protected":false},"excerpt":{"rendered":"M\u00e5ns Zelmerl\u00f6w och Ciara Jansons skilsm\u00e4ssa har lagts p\u00e5 is, det rapporterar Expressen. Enligt handlingar som tidningen tagit&hellip;\n","protected":false},"author":2,"featured_media":55271,"comment_status":"","ping_status":"","sticky":false,"template":"","format":"standard","meta":{"footnotes":""},"categories":[67],"tags":[104,34,31,33,32,30,105],"class_list":{"0":"post-55270","1":"post","2":"type-post","3":"status-publish","4":"format-standard","5":"has-post-thumbnail","7":"category-underhallning","8":"tag-entertainment","9":"tag-se","10":"tag-svenska","11":"tag-sverige","12":"tag-sweden","13":"tag-swedish","14":"tag-underhallning"},"share_on_mastodon":{"url":"","error":""},"_links":{"self":[{"href":"https:\/\/www.europesays.com\/se\/wp-json\/wp\/v2\/posts\/55270","targetHints":{"allow":["GET"]}}],"collection":[{"href":"https:\/\/www.europesays.com\/se\/wp-json\/wp\/v2\/posts"}],"about":[{"href":"https:\/\/www.europesays.com\/se\/wp-json\/wp\/v2\/types\/post"}],"author":[{"embeddable":true,"href":"https:\/\/www.europesays.com\/se\/wp-json\/wp\/v2\/users\/2"}],"replies":[{"embeddable":true,"href":"https:\/\/www.europesays.com\/se\/wp-json\/wp\/v2\/comments?post=55270"}],"version-history":[{"count":0,"href":"https:\/\/www.europesays.com\/se\/wp-json\/wp\/v2\/posts\/55270\/revisions"}],"wp:featuredmedia":[{"embeddable":true,"href":"https:\/\/www.europesays.com\/se\/wp-json\/wp\/v2\/media\/55271"}],"wp:attachment":[{"href":"https:\/\/www.europesays.com\/se\/wp-json\/wp\/v2\/media?parent=55270"}],"wp:term":[{"taxonomy":"category","embeddable":true,"href":"https:\/\/www.europesays.com\/se\/wp-json\/wp\/v2\/categories?post=55270"},{"taxonomy":"post_tag","embeddable":true,"href":"https:\/\/www.europesays.com\/se\/wp-json\/wp\/v2\/tags?post=55270"}],"curies":[{"name":"wp","href":"https:\/\/api.w.org\/{rel}","templated":true}]}}