{"id":55316,"date":"2025-10-14T09:19:08","date_gmt":"2025-10-14T09:19:08","guid":{"rendered":"https:\/\/www.europesays.com\/se\/55316\/"},"modified":"2025-10-14T09:19:08","modified_gmt":"2025-10-14T09:19:08","slug":"indonesiens-presidents-hemliga-ord-till-donald-trump","status":"publish","type":"post","link":"https:\/\/www.europesays.com\/se\/55316\/","title":{"rendered":"Indonesiens presidents hemliga ord till Donald Trump"},"content":{"rendered":"<p>Publicerad 14 okt 2025 kl 03.05Uppdaterad kl 09.18<\/p>\n<p>M\u00e5nga var de som ville tala med Donald Trump efter fredskonferensen p\u00e5 m\u00e5ndagen.<\/p>\n<p>En av dem var Indonesiens president Prabowo Subianto.<\/p>\n<p>\u2013 F\u00e5r jag tr\u00e4ffa Eric?, fr\u00e5gade han i ett samtal som f\u00e5ngades p\u00e5 mikrofon.<\/p>\n<p>Trump vill ge \u00e5terb\u00e4ring till folket f\u00f6r tullarna<img loading=\"lazy\"   alt=\"\"\/><\/p>\n<p>M\u00e5nga ville tala med Donald Trump efter fredskonferensen p\u00e5 tisdagen.<\/p>\n<p>Foto: SUTANTAADITYA.COM\/SHUTTERSTOCK EDITORIAL\/IBL<\/p>\n<p>\u00d6ppna bild i helsk\u00e4rm<img loading=\"lazy\"   alt=\"\"\/><\/p>\n<p>I b\u00f6rjan av samtalet h\u00f6rs Subianto s\u00e4ga att \u201dregionen inte \u00e4r s\u00e4ker\u201d.<\/p>\n<p>Foto: EVAN VUCCI \/ AP TT NYHETSBYR\u00c5N<\/p>\n<p>\u00d6ppna bild i helsk\u00e4rm<\/p>\n<p>M\u00e5nga av v\u00e4rldens m\u00e4ktigaste ledare samlades i Egypten p\u00e5 tisdagen f\u00f6r fredskonferensen g\u00e4llande kriget i mellan Israel och Hamas.<\/p>\n<p>Efter att Trump h\u00e5llit sitt tal inf\u00f6r deltagarna klev Indonesiens president Prabowo Subianto f\u00f6r att tala med sin amerikanska motpart.<\/p>\n<p>Men mikrofonen var fortfarande p\u00e5slagen \u2013 och delar av konversationen gick r\u00e4tt ut i etern.<\/p>\n<p>\u2013 F\u00e5r jag tr\u00e4ffa Eric?, fr\u00e5gar Subianto, enligt <a href=\"https:\/\/www.dailymail.co.uk\/news\/article-15188757\/Donald-Trump-hot-mic-Indonesian-president.html?ns_mchannel=rss&amp;ns_campaign=1490&amp;ito=social-twitter_mailonline\" rel=\"nofollow noopener\" target=\"_blank\">Daily Mail.<\/a>\u00a0<\/p>\n<p>\u201dVi ska leta efter en b\u00e4ttre plats\u201d<\/p>\n<p>I b\u00f6rjan av samtalet h\u00f6rs Subianto s\u00e4ga att \u201dregionen inte \u00e4r s\u00e4ker\u201d. Sen fr\u00e5gar han om Trump kan du introducera honom f\u00f6r sin son, <a href=\"https:\/\/www.expressen.se\/tagg\/person\/eric-trump\/\" class=\"\" rel=\"nofollow noopener\" target=\"_blank\">Eric Trump<\/a>, innan Trump svarar:<\/p>\n<p>\u2013 Jag l\u00e5ter Eric ringa. Ska jag g\u00f6ra det? Han \u00e4r en s\u00e5 bra pojke. Jag l\u00e5ter Eric ringa dig, s\u00e4ger Trump.\u00a0<\/p>\n<p>\u2013 Vi ska leta efter en b\u00e4ttre plats. Eric eller Don Jr, svarar Subianto.<\/p>\n<p>Trump g\u00e5r sedan i v\u00e4g efter att de b\u00e5da tagit i hand.\u00a0<\/p>\n<p>Trump-familjens miljonaff\u00e4rer i Indonesien<\/p>\n<p>Exakt vad samtalet g\u00e4llde \u00e4r oklart. <a href=\"https:\/\/www.reuters.com\/world\/asia-pacific\/indonesian-president-asks-trump-meeting-with-son-eric-hot-mic-moment-2025-10-13\/\" rel=\"nofollow noopener\" target=\"_blank\">Reuters<\/a> skriver dock att Trump-familjen har stora ekonomiska intressen i Indonesien.<\/p>\n<p>Familjef\u00f6retaget Trump Organization, d\u00e4r s\u00f6nerna Eric och Trump Jr delar p\u00e5 vd-posten, har flera hotell i Indonesien, bland annat p\u00e5 \u00f6arna Bali och Lido.<\/p>\n<p>F\u00f6retaget driver en golfklubb utanf\u00f6r huvudstaden Jakarta, enligt sin webbplats. En annan fastighet i Indonesien, en golfklubb och resort p\u00e5 Bali, listas p\u00e5 webbplatsen som \u201dkommer snart\u201d.<\/p>\n<p>Presidenten sj\u00e4lv tj\u00e4nade drygt 140 miljoner kronor p\u00e5 sina aff\u00e4rer i landet mellan 2015 och 2019, skriver <a href=\"https:\/\/www.dailymail.co.uk\/news\/article-15188757\/Donald-Trump-hot-mic-Indonesian-president.html?ns_mchannel=rss&amp;ns_campaign=1490&amp;ito=social-twitter_mailonline\" rel=\"nofollow noopener\" target=\"_blank\">Daily Mail.<\/a><\/p>\n<p><strong>L\u00c4S MER: <\/strong><a href=\"https:\/\/www.expressen.se\/nyheter\/varlden\/katastrof-i-turistparadiset--nu-forbjuds-nya-hotell-\/\" class=\"\" rel=\"nofollow noopener\" target=\"_blank\">Katastrof i turistparadiset \u2013\u00a0nu f\u00f6rbjuds nya hotell<\/a><strong>L\u00c4S MER: <\/strong><a href=\"https:\/\/www.expressen.se\/nyheter\/sverige\/svenskorna-dodades--i-glomda-terrordadet\/\" class=\"\" rel=\"nofollow noopener\" target=\"_blank\">Svenskorna d\u00f6dades  i gl\u00f6mda terrord\u00e5det<\/a><strong>L\u00c4S MER: <\/strong><a href=\"https:\/\/www.expressen.se\/nyheter\/varlden\/trumps-nattliga-samtal-till-stubb-overraskande\/\" class=\"\" rel=\"nofollow noopener\" target=\"_blank\">Trumps nattliga samtal till Stubb: \u201d\u00d6verraskande\u201d<\/a><img alt=\"\"\/>Ljudklippet gick inte att spela upp<\/p>\n<p>F\u00f6rs\u00f6k igen senare<\/p>\n","protected":false},"excerpt":{"rendered":"Publicerad 14 okt 2025 kl 03.05Uppdaterad kl 09.18 M\u00e5nga var de som ville tala med Donald Trump efter&hellip;\n","protected":false},"author":2,"featured_media":55317,"comment_status":"","ping_status":"","sticky":false,"template":"","format":"standard","meta":{"footnotes":""},"categories":[14],"tags":[22,23,26,27,17,21,24,25,5341,28,29,15,16,198,5340,18,34,55,31,33,32,30,19,204,781,20,51,52,53,54],"class_list":{"0":"post-55316","1":"post","2":"type-post","3":"status-publish","4":"format-standard","5":"has-post-thumbnail","7":"category-varlden","8":"tag-breaking-news","9":"tag-breakingnews","10":"tag-featured-news","11":"tag-featurednews","12":"tag-headlines","13":"tag-huvudnyheter","14":"tag-latest-news","15":"tag-latestnews","16":"tag-location-indonesien","17":"tag-main-news","18":"tag-mainnews","19":"tag-news","20":"tag-nyheter","21":"tag-person-donald-trump","22":"tag-person-eric-trump","23":"tag-rubriker","24":"tag-se","25":"tag-sections-varlden","26":"tag-svenska","27":"tag-sverige","28":"tag-sweden","29":"tag-swedish","30":"tag-top-stories","31":"tag-topic-amerikansk-politik","32":"tag-topic-utrikespolitik","33":"tag-topstories","34":"tag-varlden","35":"tag-world","36":"tag-world-news","37":"tag-worldnews"},"share_on_mastodon":{"url":"","error":""},"_links":{"self":[{"href":"https:\/\/www.europesays.com\/se\/wp-json\/wp\/v2\/posts\/55316","targetHints":{"allow":["GET"]}}],"collection":[{"href":"https:\/\/www.europesays.com\/se\/wp-json\/wp\/v2\/posts"}],"about":[{"href":"https:\/\/www.europesays.com\/se\/wp-json\/wp\/v2\/types\/post"}],"author":[{"embeddable":true,"href":"https:\/\/www.europesays.com\/se\/wp-json\/wp\/v2\/users\/2"}],"replies":[{"embeddable":true,"href":"https:\/\/www.europesays.com\/se\/wp-json\/wp\/v2\/comments?post=55316"}],"version-history":[{"count":0,"href":"https:\/\/www.europesays.com\/se\/wp-json\/wp\/v2\/posts\/55316\/revisions"}],"wp:featuredmedia":[{"embeddable":true,"href":"https:\/\/www.europesays.com\/se\/wp-json\/wp\/v2\/media\/55317"}],"wp:attachment":[{"href":"https:\/\/www.europesays.com\/se\/wp-json\/wp\/v2\/media?parent=55316"}],"wp:term":[{"taxonomy":"category","embeddable":true,"href":"https:\/\/www.europesays.com\/se\/wp-json\/wp\/v2\/categories?post=55316"},{"taxonomy":"post_tag","embeddable":true,"href":"https:\/\/www.europesays.com\/se\/wp-json\/wp\/v2\/tags?post=55316"}],"curies":[{"name":"wp","href":"https:\/\/api.w.org\/{rel}","templated":true}]}}