{"id":55380,"date":"2025-10-14T10:45:12","date_gmt":"2025-10-14T10:45:12","guid":{"rendered":"https:\/\/www.europesays.com\/se\/55380\/"},"modified":"2025-10-14T10:45:12","modified_gmt":"2025-10-14T10:45:12","slug":"natochefen-skamtade-om-haltande-rysk-ubat","status":"publish","type":"post","link":"https:\/\/www.europesays.com\/se\/55380\/","title":{"rendered":"Natochefen sk\u00e4mtade om \u201dhaltande\u201d rysk ub\u00e5t"},"content":{"rendered":"<p>I veckan passerade en rysk ub\u00e5t Engelska kanalen och Nordsj\u00f6n med nosen ovanf\u00f6r vattenytan. Medan Ryssland s\u00e4ger att man visade sig f\u00f6r att f\u00f6lja internationella sj\u00f6fartsregler, uppger ryska s\u00e4kerhetsl\u00e4ckor att ub\u00e5ten var trasig och nederl\u00e4ndska myndigheter s\u00e4ger att den beh\u00f6vde bogseras p\u00e5 grund av tekniska problem.<\/p>\n<p>Det senare tog Natochefen Mark Rutte fasta p\u00e5 n\u00e4r han talade i Slovenien p\u00e5 m\u00e5ndagen, skriver BBC. Rutte beskrev det som att den trasiga ub\u00e5ten \u201dhaltade\u201d hem.<\/p>\n<p>\u2013 Vilken f\u00f6r\u00e4ndring j\u00e4mf\u00f6rt med Tom Clancys roman \u201dJakten p\u00e5 R\u00f6d Oktober\u201d fr\u00e5n 1984. I dag verkar det mer vara jakten p\u00e5 n\u00e4rmaste mekaniker, sa Rutte.<\/p>\n<p>Enligt Rutte bevisar det att Rysslands flotta \u00e4r utsliten efter flera \u00e5rs krig.<\/p>\n<p>Omni \u00e4r politiskt obundna och oberoende. Vi str\u00e4var efter att ge fler perspektiv p\u00e5 nyheterna. Har du fr\u00e5gor eller synpunkter kring v\u00e5r rapportering? <a href=\"https:\/\/omni.se\/natochefen-skamtade-om-haltande-rysk-ubat\/a\/mailto:redaktion@omni.se\" class=\"ArticleActions_contactLink__W2F1M\" rel=\"nofollow noopener\" target=\"_blank\">Kontakta redaktionen<\/a><\/p>\n","protected":false},"excerpt":{"rendered":"I veckan passerade en rysk ub\u00e5t Engelska kanalen och Nordsj\u00f6n med nosen ovanf\u00f6r vattenytan. Medan Ryssland s\u00e4ger att&hellip;\n","protected":false},"author":2,"featured_media":55381,"comment_status":"","ping_status":"","sticky":false,"template":"","format":"standard","meta":{"footnotes":""},"categories":[5],"tags":[22,23,267,26,27,17,21,24,25,28,29,3996,999,15,16,18,264,34,31,33,32,30,19,20],"class_list":{"0":"post-55380","1":"post","2":"type-post","3":"status-publish","4":"format-standard","5":"has-post-thumbnail","7":"category-rubriker","8":"tag-breaking-news","9":"tag-breakingnews","10":"tag-europa","11":"tag-featured-news","12":"tag-featurednews","13":"tag-headlines","14":"tag-huvudnyheter","15":"tag-latest-news","16":"tag-latestnews","17":"tag-main-news","18":"tag-mainnews","19":"tag-mark-rutte","20":"tag-nato","21":"tag-news","22":"tag-nyheter","23":"tag-rubriker","24":"tag-ryssland","25":"tag-se","26":"tag-svenska","27":"tag-sverige","28":"tag-sweden","29":"tag-swedish","30":"tag-top-stories","31":"tag-topstories"},"share_on_mastodon":{"url":"","error":""},"_links":{"self":[{"href":"https:\/\/www.europesays.com\/se\/wp-json\/wp\/v2\/posts\/55380","targetHints":{"allow":["GET"]}}],"collection":[{"href":"https:\/\/www.europesays.com\/se\/wp-json\/wp\/v2\/posts"}],"about":[{"href":"https:\/\/www.europesays.com\/se\/wp-json\/wp\/v2\/types\/post"}],"author":[{"embeddable":true,"href":"https:\/\/www.europesays.com\/se\/wp-json\/wp\/v2\/users\/2"}],"replies":[{"embeddable":true,"href":"https:\/\/www.europesays.com\/se\/wp-json\/wp\/v2\/comments?post=55380"}],"version-history":[{"count":0,"href":"https:\/\/www.europesays.com\/se\/wp-json\/wp\/v2\/posts\/55380\/revisions"}],"wp:featuredmedia":[{"embeddable":true,"href":"https:\/\/www.europesays.com\/se\/wp-json\/wp\/v2\/media\/55381"}],"wp:attachment":[{"href":"https:\/\/www.europesays.com\/se\/wp-json\/wp\/v2\/media?parent=55380"}],"wp:term":[{"taxonomy":"category","embeddable":true,"href":"https:\/\/www.europesays.com\/se\/wp-json\/wp\/v2\/categories?post=55380"},{"taxonomy":"post_tag","embeddable":true,"href":"https:\/\/www.europesays.com\/se\/wp-json\/wp\/v2\/tags?post=55380"}],"curies":[{"name":"wp","href":"https:\/\/api.w.org\/{rel}","templated":true}]}}