{"id":55382,"date":"2025-10-14T10:47:07","date_gmt":"2025-10-14T10:47:07","guid":{"rendered":"https:\/\/www.europesays.com\/se\/55382\/"},"modified":"2025-10-14T10:47:07","modified_gmt":"2025-10-14T10:47:07","slug":"assisterande-tranaren-henrik-stridh-lamnar-lulea-shl","status":"publish","type":"post","link":"https:\/\/www.europesays.com\/se\/55382\/","title":{"rendered":"Assisterande tr\u00e4naren Henrik Stridh l\u00e4mnar Lule\u00e5 | SHL"},"content":{"rendered":"<p>Publicerad 14 okt 2025 kl 11.08Uppdaterad kl 12.45<\/p>\n<p>F\u00f6rst stod det klart att Thomas \u201dBulan\u201d Berglund l\u00e4mnar Lule\u00e5 efter s\u00e4songen.<\/p>\n<p>Nu meddelar assisterande tr\u00e4naren Henrik Stridh att han g\u00f6r samma sak.<\/p>\n<p>\u2013\u00a0Magk\u00e4nslan sa att jag skulle g\u00f6ra n\u00e5got annat, s\u00e4ger han.<\/p>\n<p><img   alt=\"\"\/><\/p>\n<p>Henrik Stridh.<\/p>\n<p>Foto: SIMON ELIASSON \/ BILDBYR\u00c5N<\/p>\n<p>\u00d6ppna bild i helsk\u00e4rm<\/p>\n<p>Det \u00e4r inte bara i Tre Kronor och det svenska herrlandslaget i fotboll det h\u00e4nder saker just nu.<\/p>\n<p><a href=\"https:\/\/www.expressen.se\/tagg\/organization\/lulea-hockey\/\" class=\"\" rel=\"nofollow noopener\" target=\"_blank\">Lule\u00e5 Hockey<\/a> st\u00e5r i nul\u00e4get utan en ledarstab till n\u00e4sta s\u00e4song. Thomas \u201dBulan\u201d Berglund har sedan tidigare meddelat att den h\u00e4r s\u00e4songen blir hans sista, och det har spekulerats i vem som kan komma att ers\u00e4tta honom.<\/p>\n<p>Nu visar det sig att assisterande tr\u00e4naren Henrik Stridh inte heller blir kvar.\u00a0<\/p>\n<p>\u2013 Han vill prova n\u00e5got nytt och det f\u00e5r vi respektera. Han \u00e4r en otroligt bra ledare som kommer bli saknad, men nu g\u00e5r arbetet vidare, s\u00e4ger Lule\u00e5s sportchef Thomas Fr\u00f6berg.<\/p>\n<p>Stridh, som var med och tog SM-guld med Lule\u00e5 i v\u00e5ras, s\u00e4ger att det har varit ett \u201dj\u00e4ttetufft beslut att fatta\u201d.<\/p>\n<p>\u2013\u00a0Mormor sa \u00e5t mig att inte gr\u00e5ta \u00f6ver spilld mj\u00f6lk, s\u00e5 det t\u00e4nker jag inte g\u00f6ra. Det h\u00e4r har varit ett v\u00e4ldigt sv\u00e5rt beslut att komma fram till men i slut\u00e4ndan sa magk\u00e4nslan att jag skulle g\u00f6ra n\u00e5got annat. Det har varit \u00e5tta, snart nio, fantastiska \u00e5r och jag \u00e5ngrar inte en sekund att jag flyttade till Lule\u00e5, avslutar Stridh.\u00a0<\/p>\n","protected":false},"excerpt":{"rendered":"Publicerad 14 okt 2025 kl 11.08Uppdaterad kl 12.45 F\u00f6rst stod det klart att Thomas \u201dBulan\u201d Berglund l\u00e4mnar Lule\u00e5&hellip;\n","protected":false},"author":2,"featured_media":55383,"comment_status":"","ping_status":"","sticky":false,"template":"","format":"standard","meta":{"footnotes":""},"categories":[68],"tags":[1178,1179,34,255,823,111,110,31,33,32,30],"class_list":{"0":"post-55382","1":"post","2":"type-post","3":"status-publish","4":"format-standard","5":"has-post-thumbnail","7":"category-sport","8":"tag-organization-lulea-hockey","9":"tag-organization-shl","10":"tag-se","11":"tag-sections-ishockey","12":"tag-sections-shl","13":"tag-sport","14":"tag-sports","15":"tag-svenska","16":"tag-sverige","17":"tag-sweden","18":"tag-swedish"},"share_on_mastodon":{"url":"","error":""},"_links":{"self":[{"href":"https:\/\/www.europesays.com\/se\/wp-json\/wp\/v2\/posts\/55382","targetHints":{"allow":["GET"]}}],"collection":[{"href":"https:\/\/www.europesays.com\/se\/wp-json\/wp\/v2\/posts"}],"about":[{"href":"https:\/\/www.europesays.com\/se\/wp-json\/wp\/v2\/types\/post"}],"author":[{"embeddable":true,"href":"https:\/\/www.europesays.com\/se\/wp-json\/wp\/v2\/users\/2"}],"replies":[{"embeddable":true,"href":"https:\/\/www.europesays.com\/se\/wp-json\/wp\/v2\/comments?post=55382"}],"version-history":[{"count":0,"href":"https:\/\/www.europesays.com\/se\/wp-json\/wp\/v2\/posts\/55382\/revisions"}],"wp:featuredmedia":[{"embeddable":true,"href":"https:\/\/www.europesays.com\/se\/wp-json\/wp\/v2\/media\/55383"}],"wp:attachment":[{"href":"https:\/\/www.europesays.com\/se\/wp-json\/wp\/v2\/media?parent=55382"}],"wp:term":[{"taxonomy":"category","embeddable":true,"href":"https:\/\/www.europesays.com\/se\/wp-json\/wp\/v2\/categories?post=55382"},{"taxonomy":"post_tag","embeddable":true,"href":"https:\/\/www.europesays.com\/se\/wp-json\/wp\/v2\/tags?post=55382"}],"curies":[{"name":"wp","href":"https:\/\/api.w.org\/{rel}","templated":true}]}}