{"id":55399,"date":"2025-10-14T11:01:23","date_gmt":"2025-10-14T11:01:23","guid":{"rendered":"https:\/\/www.europesays.com\/se\/55399\/"},"modified":"2025-10-14T11:01:23","modified_gmt":"2025-10-14T11:01:23","slug":"joe-biden-hyllar-donald-trump-efter-gazaavtalet","status":"publish","type":"post","link":"https:\/\/www.europesays.com\/se\/55399\/","title":{"rendered":"Joe Biden hyllar Donald Trump efter Gazaavtalet"},"content":{"rendered":"<p>Gisslan \u00e4r \u00f6verl\u00e4mnad och Donald Trump har slagit fast att Gazakriget \u00e4r slut.<\/p>\n<p>Nu hyllas han av sina rivaler.<\/p>\n<p>\u201dJag vill ber\u00f6mma president Trump och hans team\u201d, skriver expresidenten Joe Biden.<\/p>\n<p>Trump vill ge \u00e5terb\u00e4ring till folket f\u00f6r tullarna<img loading=\"lazy\"   alt=\"\"\/><\/p>\n<p>Joe Biden hyllar sin eftertr\u00e4dare.<\/p>\n<p>Foto: NAM Y. HUH \/ AP TT NYHETSBYR\u00c5N<\/p>\n<p>\u00d6ppna bild i helsk\u00e4rm<img loading=\"lazy\"   alt=\"\"\/> <\/p>\n<p>Foto: SUZANNE PLUNKETT \/ AP TT NYHETSBYR\u00c5N<\/p>\n<p>\u00d6ppna bild i helsk\u00e4rm<\/p>\n<p>Under m\u00e5ndagen l\u00e4mnade Hamas \u00f6ver de 20 kvarlevande gisslan samtidigt som cirka 2 000 palestinska f\u00e5ngar sl\u00e4pptes fr\u00e5n israeliskt f\u00e5ngenskap.<\/p>\n<p>Donald Trump hyllades stort i det israeliska parlamentet och kallade det sj\u00e4lv en \u201dhistorisk gryning f\u00f6r ett nytt mellan\u00f6stern\u201d.<\/p>\n<p>Nu hyllas den amerikanska presidenten av flera f\u00f6reg\u00e5ngare \u2013 och ofta starka kritiker.<\/p>\n<p>Demokraten <a href=\"https:\/\/www.expressen.se\/tagg\/person\/joe-biden\/\" class=\"\" rel=\"nofollow noopener\" target=\"_blank\">Joe Biden<\/a>, som var president under stora delar av kriget, skriver p\u00e5 X att \u201dv\u00e4gen till avtalet inte var enkel\u201d.<\/p>\n<p><a href=\"https:\/\/x.com\/JoeBiden\/status\/1977876858310992109\" data-provider=\"twitter\" class=\"js-social-embed\" rel=\"nofollow\">https:\/\/x.com\/JoeBiden\/status\/1977876858310992109<\/a><\/p>\n<p>\u201dMin administration arbetade outtr\u00f6ttligt f\u00f6r att f\u00e5 hem gisslan, ge humanit\u00e4r hj\u00e4lp till det palestinska civila och f\u00f6r att f\u00e5 slut p\u00e5 kriget. Jag vill ber\u00f6mma president Trump och hans team f\u00f6r arbetet f\u00f6r att f\u00e5 en vapenvila att g\u00e5 i m\u00e5l\u201d, skriver Biden p\u00e5 X.<\/p>\n<p>Nu tror han likt Trump att Mellan\u00f6stern g\u00e5r mot en fredlig framtid.<\/p>\n<p>\u00c4ven den tidigare presidenten Bill Clinton st\u00e4mmer in i hyllningarna. P\u00e5 <a href=\"https:\/\/x.com\/BillClinton\/status\/1977805296044249506\" rel=\"nofollow\">X <\/a>skriver han att \u201dTrump och hans administration, Qatar och andra akt\u00f6rer i omr\u00e5det f\u00f6rtj\u00e4nar stort erk\u00e4nnande f\u00f6r att de h\u00f6ll alla parter engagerade tills avtalet var p\u00e5 plats\u201d.<\/p>\n<p>Trumps syrliga passning till Norge<img alt=\"\"\/>Ljudklippet gick inte att spela upp<\/p>\n<p>F\u00f6rs\u00f6k igen senare<\/p>\n","protected":false},"excerpt":{"rendered":"Gisslan \u00e4r \u00f6verl\u00e4mnad och Donald Trump har slagit fast att Gazakriget \u00e4r slut. Nu hyllas han av sina&hellip;\n","protected":false},"author":2,"featured_media":55400,"comment_status":"","ping_status":"","sticky":false,"template":"","format":"standard","meta":{"footnotes":""},"categories":[5],"tags":[22,23,26,27,17,21,24,25,28,29,15,1552,16,198,1483,18,34,55,31,33,32,30,19,204,60,20],"class_list":{"0":"post-55399","1":"post","2":"type-post","3":"status-publish","4":"format-standard","5":"has-post-thumbnail","7":"category-rubriker","8":"tag-breaking-news","9":"tag-breakingnews","10":"tag-featured-news","11":"tag-featurednews","12":"tag-headlines","13":"tag-huvudnyheter","14":"tag-latest-news","15":"tag-latestnews","16":"tag-main-news","17":"tag-mainnews","18":"tag-news","19":"tag-newsstory-kriget-mellan-hamas-och-israel","20":"tag-nyheter","21":"tag-person-donald-trump","22":"tag-person-joe-biden","23":"tag-rubriker","24":"tag-se","25":"tag-sections-varlden","26":"tag-svenska","27":"tag-sverige","28":"tag-sweden","29":"tag-swedish","30":"tag-top-stories","31":"tag-topic-amerikansk-politik","32":"tag-topic-krig-konflikt","33":"tag-topstories"},"share_on_mastodon":{"url":"","error":""},"_links":{"self":[{"href":"https:\/\/www.europesays.com\/se\/wp-json\/wp\/v2\/posts\/55399","targetHints":{"allow":["GET"]}}],"collection":[{"href":"https:\/\/www.europesays.com\/se\/wp-json\/wp\/v2\/posts"}],"about":[{"href":"https:\/\/www.europesays.com\/se\/wp-json\/wp\/v2\/types\/post"}],"author":[{"embeddable":true,"href":"https:\/\/www.europesays.com\/se\/wp-json\/wp\/v2\/users\/2"}],"replies":[{"embeddable":true,"href":"https:\/\/www.europesays.com\/se\/wp-json\/wp\/v2\/comments?post=55399"}],"version-history":[{"count":0,"href":"https:\/\/www.europesays.com\/se\/wp-json\/wp\/v2\/posts\/55399\/revisions"}],"wp:featuredmedia":[{"embeddable":true,"href":"https:\/\/www.europesays.com\/se\/wp-json\/wp\/v2\/media\/55400"}],"wp:attachment":[{"href":"https:\/\/www.europesays.com\/se\/wp-json\/wp\/v2\/media?parent=55399"}],"wp:term":[{"taxonomy":"category","embeddable":true,"href":"https:\/\/www.europesays.com\/se\/wp-json\/wp\/v2\/categories?post=55399"},{"taxonomy":"post_tag","embeddable":true,"href":"https:\/\/www.europesays.com\/se\/wp-json\/wp\/v2\/tags?post=55399"}],"curies":[{"name":"wp","href":"https:\/\/api.w.org\/{rel}","templated":true}]}}