{"id":55410,"date":"2025-10-14T11:21:08","date_gmt":"2025-10-14T11:21:08","guid":{"rendered":"https:\/\/www.europesays.com\/se\/55410\/"},"modified":"2025-10-14T11:21:08","modified_gmt":"2025-10-14T11:21:08","slug":"kammarmusikforeningen-hugo-svedberg-och-jonas-olsson","status":"publish","type":"post","link":"https:\/\/www.europesays.com\/se\/55410\/","title":{"rendered":"Kammarmusikf\u00f6reningen \u2013 Hugo Svedberg och Jonas Olsson"},"content":{"rendered":"<p class=\"p1\"><strong>Hugo Svedberg<\/strong>\u00a0\u00e4r en ung cellist som nyligen vunnit pris i Eurovision Young Musicians Contest 2024 samt ocks\u00e5 Polstj\u00e4rnepriset 2024. Han har etablerat sig som en lovande ung talang med solistuppdrag i Sverige och Storbritannien.<\/p>\n<p class=\"p1\"><strong>Jonas Olsson<\/strong>\u00a0\u00e4r en svensk pianist, uppskattad b\u00e5de som solist och kammarmusiker och som \u00e4r v\u00e4l ansedd f\u00f6r sina samarbeten med ledande komposit\u00f6rer och ensembler \u00f6ver hela Skandinavien. Utbildad i G\u00f6teborg, Frankfurt och K\u00f6ln.<\/p>\n<p class=\"p1\">Verk av R Schumann, C Debussy, N Paganini (p\u00e5 ett tema av Rossini), M Bruch och\u00a0L v Beethoven.<\/p>\n<p>Arrang\u00f6r<\/p>\n<p>Kammarmusikf\u00f6reningen i Kalmar<\/p>\n","protected":false},"excerpt":{"rendered":"Hugo Svedberg\u00a0\u00e4r en ung cellist som nyligen vunnit pris i Eurovision Young Musicians Contest 2024 samt ocks\u00e5 Polstj\u00e4rnepriset&hellip;\n","protected":false},"author":2,"featured_media":55411,"comment_status":"","ping_status":"","sticky":false,"template":"","format":"standard","meta":{"footnotes":""},"categories":[67],"tags":[104,34,31,33,32,30,105],"class_list":{"0":"post-55410","1":"post","2":"type-post","3":"status-publish","4":"format-standard","5":"has-post-thumbnail","7":"category-underhallning","8":"tag-entertainment","9":"tag-se","10":"tag-svenska","11":"tag-sverige","12":"tag-sweden","13":"tag-swedish","14":"tag-underhallning"},"share_on_mastodon":{"url":"","error":""},"_links":{"self":[{"href":"https:\/\/www.europesays.com\/se\/wp-json\/wp\/v2\/posts\/55410","targetHints":{"allow":["GET"]}}],"collection":[{"href":"https:\/\/www.europesays.com\/se\/wp-json\/wp\/v2\/posts"}],"about":[{"href":"https:\/\/www.europesays.com\/se\/wp-json\/wp\/v2\/types\/post"}],"author":[{"embeddable":true,"href":"https:\/\/www.europesays.com\/se\/wp-json\/wp\/v2\/users\/2"}],"replies":[{"embeddable":true,"href":"https:\/\/www.europesays.com\/se\/wp-json\/wp\/v2\/comments?post=55410"}],"version-history":[{"count":0,"href":"https:\/\/www.europesays.com\/se\/wp-json\/wp\/v2\/posts\/55410\/revisions"}],"wp:featuredmedia":[{"embeddable":true,"href":"https:\/\/www.europesays.com\/se\/wp-json\/wp\/v2\/media\/55411"}],"wp:attachment":[{"href":"https:\/\/www.europesays.com\/se\/wp-json\/wp\/v2\/media?parent=55410"}],"wp:term":[{"taxonomy":"category","embeddable":true,"href":"https:\/\/www.europesays.com\/se\/wp-json\/wp\/v2\/categories?post=55410"},{"taxonomy":"post_tag","embeddable":true,"href":"https:\/\/www.europesays.com\/se\/wp-json\/wp\/v2\/tags?post=55410"}],"curies":[{"name":"wp","href":"https:\/\/api.w.org\/{rel}","templated":true}]}}