{"id":55520,"date":"2025-10-14T13:52:12","date_gmt":"2025-10-14T13:52:12","guid":{"rendered":"https:\/\/www.europesays.com\/se\/55520\/"},"modified":"2025-10-14T13:52:12","modified_gmt":"2025-10-14T13:52:12","slug":"militart-elitforband-griper-makten-i-madagaskar","status":"publish","type":"post","link":"https:\/\/www.europesays.com\/se\/55520\/","title":{"rendered":"Milit\u00e4rt elitf\u00f6rband griper makten i Madagaskar"},"content":{"rendered":"<p>Milit\u00e4ren i Madagaskar har tagit makten i landet, uppger de enligt AFP. Det sker efter veckor av omfattande protester mot presidenten Andry Rajoelina, som under s\u00f6ndagen flydde landet. <\/p>\n<p>Rajoelina har trots flykten v\u00e4grat l\u00e4mna \u00f6ver makten och har genom ett inl\u00e4gg p\u00e5 Facebook l\u00f6st upp landets parlament. <\/p>\n<p>Nu meddelar det milit\u00e4ra elitf\u00f6rbandet CAPSAT:s ledare Michael Randrianirina att de har tagit \u00f6ver makten.<\/p>\n<p>Omni \u00e4r politiskt obundna och oberoende. Vi str\u00e4var efter att ge fler perspektiv p\u00e5 nyheterna. Har du fr\u00e5gor eller synpunkter kring v\u00e5r rapportering? <a href=\"https:\/\/omni.se\/militaren-griper-makten-pa-madagaskar\/a\/mailto:redaktion@omni.se\" class=\"ArticleActions_contactLink__W2F1M\" rel=\"nofollow noopener\" target=\"_blank\">Kontakta redaktionen<\/a><\/p>\n","protected":false},"excerpt":{"rendered":"Milit\u00e4ren i Madagaskar har tagit makten i landet, uppger de enligt AFP. Det sker efter veckor av omfattande&hellip;\n","protected":false},"author":2,"featured_media":55521,"comment_status":"","ping_status":"","sticky":false,"template":"","format":"standard","meta":{"footnotes":""},"categories":[5],"tags":[1482,22,23,1149,26,27,17,21,24,25,5302,28,29,15,16,18,34,31,33,32,30,19,20],"class_list":{"0":"post-55520","1":"post","2":"type-post","3":"status-publish","4":"format-standard","5":"has-post-thumbnail","7":"category-rubriker","8":"tag-afrika","9":"tag-breaking-news","10":"tag-breakingnews","11":"tag-faktaruta-omni","12":"tag-featured-news","13":"tag-featurednews","14":"tag-headlines","15":"tag-huvudnyheter","16":"tag-latest-news","17":"tag-latestnews","18":"tag-madagaskar","19":"tag-main-news","20":"tag-mainnews","21":"tag-news","22":"tag-nyheter","23":"tag-rubriker","24":"tag-se","25":"tag-svenska","26":"tag-sverige","27":"tag-sweden","28":"tag-swedish","29":"tag-top-stories","30":"tag-topstories"},"share_on_mastodon":{"url":"","error":""},"_links":{"self":[{"href":"https:\/\/www.europesays.com\/se\/wp-json\/wp\/v2\/posts\/55520","targetHints":{"allow":["GET"]}}],"collection":[{"href":"https:\/\/www.europesays.com\/se\/wp-json\/wp\/v2\/posts"}],"about":[{"href":"https:\/\/www.europesays.com\/se\/wp-json\/wp\/v2\/types\/post"}],"author":[{"embeddable":true,"href":"https:\/\/www.europesays.com\/se\/wp-json\/wp\/v2\/users\/2"}],"replies":[{"embeddable":true,"href":"https:\/\/www.europesays.com\/se\/wp-json\/wp\/v2\/comments?post=55520"}],"version-history":[{"count":0,"href":"https:\/\/www.europesays.com\/se\/wp-json\/wp\/v2\/posts\/55520\/revisions"}],"wp:featuredmedia":[{"embeddable":true,"href":"https:\/\/www.europesays.com\/se\/wp-json\/wp\/v2\/media\/55521"}],"wp:attachment":[{"href":"https:\/\/www.europesays.com\/se\/wp-json\/wp\/v2\/media?parent=55520"}],"wp:term":[{"taxonomy":"category","embeddable":true,"href":"https:\/\/www.europesays.com\/se\/wp-json\/wp\/v2\/categories?post=55520"},{"taxonomy":"post_tag","embeddable":true,"href":"https:\/\/www.europesays.com\/se\/wp-json\/wp\/v2\/tags?post=55520"}],"curies":[{"name":"wp","href":"https:\/\/api.w.org\/{rel}","templated":true}]}}