{"id":55590,"date":"2025-10-14T14:52:19","date_gmt":"2025-10-14T14:52:19","guid":{"rendered":"https:\/\/www.europesays.com\/se\/55590\/"},"modified":"2025-10-14T14:52:19","modified_gmt":"2025-10-14T14:52:19","slug":"reese-witherspoon-debuterar-som-romanforfattare-tillsammans-med-harlan-coben","status":"publish","type":"post","link":"https:\/\/www.europesays.com\/se\/55590\/","title":{"rendered":"Reese Witherspoon debuterar som romanf\u00f6rfattare tillsammans med Harlan Coben"},"content":{"rendered":"<p>Idag sl\u00e4pps thrillern \u201dUtan avsked\u201d, Reese Witherspoons och Harlan Cobens f\u00f6rsta gemensamma roman. Boken kretsar kring arm\u00e9kirurgen Margaret McCabe, som efter att ha f\u00f6rlorat sitt jobb dras in i en farlig konspiration bland v\u00e4rldens elit.<\/p>\n<p>\u2013 Att kombinera Cobens fantastiska f\u00f6rm\u00e5ga att skriva f\u00e4ngslande thrillers med Witherspoons styrka att lyfta angel\u00e4gna \u00e4mnen i kombination med starka kvinnoroller \u00e4r ett genidrag, s\u00e4ger f\u00f6rl\u00e4ggare Anna Cecilia Weschke i ett pressmeddelande.<\/p>\n<p>Boken har redan f\u00e5tt uppm\u00e4rksamhet internationellt och ljudboken, inl\u00e4st av Mirja Turestedt, sl\u00e4pps samtidigt. Den svenska \u00f6vers\u00e4ttningen \u00e4r gjord av Jan Risheden.<\/p>\n<p><img loading=\"lazy\" decoding=\"async\" src=\"https:\/\/www.europesays.com\/se\/wp-content\/uploads\/2025\/10\/1760453538_13_pixel\" width=\"1\" height=\"1\"\/><\/p>\n<p>&#13;<br \/>\n                            &#13;<br \/>\n                                 Dela artikel&#13;<br \/>\n                            &#13;<br \/>\n                            &#13;\n                        <\/p>\n<p class=\"fst-italic border p-2 my-3 bg-light border-dark text-center \">Den h\u00e4r texten har genererats automatiskt med hj\u00e4lp av Live\u00b2 AI-verktyg.<\/p>\n<p>                    Annons<br \/>\n                        <a href=\"https:\/\/www.businessforukraine.se\" target=\"_blank\" data-tracking-id=\"left1\" rel=\"nofollow noopener\"><img decoding=\"async\" src=\"https:\/\/usercontent.one\/wp\/www.horisontmagasin.se\/wp-content\/uploads\/2025\/09\/Rebuild-host-25.jpg?media=1738681601\" alt=\"Annons\" class=\"img-fluid mx-auto d-block lazyload\" bad-src=\"data:image\/svg+xml;base64,PHN2ZyB3aWR0aD0iMSIgaGVpZ2h0PSIxIiB4bWxucz0iaHR0cDovL3d3dy53My5vcmcvMjAwMC9zdmciPjwvc3ZnPg==\"\/><\/a>                        <\/p>\n","protected":false},"excerpt":{"rendered":"Idag sl\u00e4pps thrillern \u201dUtan avsked\u201d, Reese Witherspoons och Harlan Cobens f\u00f6rsta gemensamma roman. Boken kretsar kring arm\u00e9kirurgen Margaret&hellip;\n","protected":false},"author":2,"featured_media":36757,"comment_status":"","ping_status":"","sticky":false,"template":"","format":"standard","meta":{"footnotes":""},"categories":[67],"tags":[104,34,31,33,32,30,105],"class_list":{"0":"post-55590","1":"post","2":"type-post","3":"status-publish","4":"format-standard","5":"has-post-thumbnail","7":"category-underhallning","8":"tag-entertainment","9":"tag-se","10":"tag-svenska","11":"tag-sverige","12":"tag-sweden","13":"tag-swedish","14":"tag-underhallning"},"share_on_mastodon":{"url":"","error":""},"_links":{"self":[{"href":"https:\/\/www.europesays.com\/se\/wp-json\/wp\/v2\/posts\/55590","targetHints":{"allow":["GET"]}}],"collection":[{"href":"https:\/\/www.europesays.com\/se\/wp-json\/wp\/v2\/posts"}],"about":[{"href":"https:\/\/www.europesays.com\/se\/wp-json\/wp\/v2\/types\/post"}],"author":[{"embeddable":true,"href":"https:\/\/www.europesays.com\/se\/wp-json\/wp\/v2\/users\/2"}],"replies":[{"embeddable":true,"href":"https:\/\/www.europesays.com\/se\/wp-json\/wp\/v2\/comments?post=55590"}],"version-history":[{"count":0,"href":"https:\/\/www.europesays.com\/se\/wp-json\/wp\/v2\/posts\/55590\/revisions"}],"wp:featuredmedia":[{"embeddable":true,"href":"https:\/\/www.europesays.com\/se\/wp-json\/wp\/v2\/media\/36757"}],"wp:attachment":[{"href":"https:\/\/www.europesays.com\/se\/wp-json\/wp\/v2\/media?parent=55590"}],"wp:term":[{"taxonomy":"category","embeddable":true,"href":"https:\/\/www.europesays.com\/se\/wp-json\/wp\/v2\/categories?post=55590"},{"taxonomy":"post_tag","embeddable":true,"href":"https:\/\/www.europesays.com\/se\/wp-json\/wp\/v2\/tags?post=55590"}],"curies":[{"name":"wp","href":"https:\/\/api.w.org\/{rel}","templated":true}]}}