{"id":55598,"date":"2025-10-14T15:00:23","date_gmt":"2025-10-14T15:00:23","guid":{"rendered":"https:\/\/www.europesays.com\/se\/55598\/"},"modified":"2025-10-14T15:00:23","modified_gmt":"2025-10-14T15:00:23","slug":"monika-fagerholms-flickor-lar-sig-att-bli-fria","status":"publish","type":"post","link":"https:\/\/www.europesays.com\/se\/55598\/","title":{"rendered":"Monika Fagerholms flickor l\u00e4r sig att bli fria"},"content":{"rendered":"<p>Publicerad 14 okt 2025 kl 05.00<\/p>\n<p>Monika Fagerholms nya roman snurrar runt som en centrifug.\u00a0<\/p>\n<p>Amanda Svensson hittar en m\u00f6rk k\u00e4rna allra l\u00e4ngst in.\u00a0<\/p>\n<p><img   alt=\"\"\/><\/p>\n<p>Monika Fagerholm har skrivit en konstig roman.<\/p>\n<p>Foto: Jessica Gow \/ TT NYHETSBYR\u00c5N<\/p>\n<p>\u00d6ppna bild i helsk\u00e4rm<img loading=\"lazy\"   alt=\"\"\/><\/p>\n<p>Amanda Svensson \u00e4r f\u00f6rfattare, \u00f6vers\u00e4ttare och medarbetare p\u00e5 Expressens kultursida.<\/p>\n<p>Foto: HANNA BRUNL\u00d6F<\/p>\n<p>\u00d6ppna bild i helsk\u00e4rm<\/p>\n<p><strong>RECENSION. <\/strong>Det sena 1970-talet \u00e4r en paradoxal tid. Som Monika Fagerholm skriver i sin nya dubbelbetitlade roman \u201dD\u00f6da trakten \/ Kvinnor i revolt\u201d: \u201dDet \u00e4r den h\u00e4r tiden, 1976\u20131980, som senare kommer kallas de fredligaste efterkrigs\u00e5ren. Aldrig har det krigats p\u00e5 s\u00e5 f\u00e5 st\u00e4llen i v\u00e4rlden\u201d.\u00a0<\/p>\n<p>Samtidigt \u00e4r det en tid som formligen bubblar av v\u00e5ld, uppror och kaos. Bomber exploderar. Punken exploderar. \u201dN\u00e5got krig \u00e4r st\u00e4ndigt p\u00e5 g\u00e5ng, d\u00e4r det syns och d\u00e4r det inte g\u00f6r det.\u201d<\/p>\n<p>Det \u00e4r under denna period som ton\u00e5rsflickan Alice tar klivet ut i vuxenv\u00e4rlden. Ytligt sett \u00e4r det en ganska vanlig historia: Alice flyttar fr\u00e5n landsbygden in till sin pappas nya familj i stan. D\u00e4r f\u00e5r hon nya v\u00e4nner, f\u00f6r\u00e4lskar sig, b\u00f6rjar skriva, vaknar upp politisk och intellektuellt.\u00a0<\/p>\n<p><img loading=\"lazy\"   alt=\"\"\/>\u00d6ppna bild i helsk\u00e4rm<\/p>\n<p>Men p\u00e5 klassiskt fagerholmskt vis r\u00f6r sig ber\u00e4ttelsen i ett slags cirkelr\u00f6relse, som om den stoppats i en centrifug \u2013 ju l\u00e4ngre romanmaskinen larmar och h\u00e5ller p\u00e5, desto tydligare blir det att det finns en m\u00f6rk k\u00e4rna d\u00e4r i mitten som allting kretsar kring. Tiden g\u00e5r: Familjeidyllen i det s\u00e5 kallade \u201ddockhuset\u201d r\u00e4mnar, luftslott spricker, flygplan kraschar och det enda som \u00e5terst\u00e5r f\u00f6r Alice att g\u00f6ra \u00e4r att f\u00f6rs\u00f6ka bena ut alltihop i en roman.<\/p>\n<p>F\u00f6r ja, det h\u00e4r \u00e4r ett slags konstn\u00e4rsroman, ett portr\u00e4tt av konstn\u00e4ren som ung. Eller en konstroman \u2013 det handlar om skapandet, s\u00e5v\u00e4l det sanna (om ett s\u00e5dant finns) och det konstlade, f\u00f6rljugna, ytliga skapandet, personifierat av Alices odr\u00e4gliga och bortsk\u00e4mda halvbror Prinsen. Eller s\u00e5 \u00e4r det helt enkelt en konstig roman, i ordets b\u00e4sta bem\u00e4rkelse. Rent ber\u00e4ttartekniskt \u00e4r det en av Fagerholms snurrigaste hittills.\u00a0<\/p>\n<p>Persongalleriet \u00e4r stort och eklektiskt, milj\u00f6erna bj\u00e4rta och kitschiga, gr\u00e4nsen mellan realism och saga n\u00e4stan helt uppl\u00f6st och v\u00e4rlden f\u00f6rtrollad. H\u00e4r finns en roman i romanen, och vid ett tillf\u00e4lle, till och med en roman i romanen i romanen. Glitterscenen \u2013 namnet p\u00e5 en av Fagerholms tidigare b\u00f6cker, och den plats d\u00e4r hela hennes f\u00f6rfattarskap kan s\u00e4gas utspela sig \u2013 har den h\u00e4r g\u00e5ngen placerats i en labyrintisk spegelsal, och l\u00e4saren g\u00f6r b\u00e4st i att ge upp alla f\u00f6rs\u00f6k att orientera sig.<\/p>\n<blockquote><p>\u00b4Flickor p\u00e5 gr\u00e4nsen till genombrott.\u00b4<\/p><\/blockquote>\n<p>G\u00e5r man med p\u00e5 denna kaotiska l\u00e4sart infinner sig emellertid snart ett lugn, och en t\u00e4mligen tr\u00f6sterik ber\u00e4ttelse om litteraturens kraft att skapa och omforma v\u00e4rlden till det b\u00e4ttre tr\u00e4der fram. En annan t\u00e4nkbar titel hade kunnat vara: \u201dFlickor p\u00e5 gr\u00e4nsen till genombrott\u201d. I den processen \u00e4r skrivandet sj\u00e4lvklart viktigt, men det \u00e4r framf\u00f6r allt l\u00e4sningen som hj\u00e4lper bokens m\u00e5nga revolterande flickor att faktiskt bryta igenom. Att bli fria, t\u00e4nkande, medvetna m\u00e4nniskor redo att skapa v\u00e4rlden p\u00e5 nytt.<\/p>\n<p>ROMAN<\/p>\n<p>MONIKA FAGERHOLM<\/p>\n<p>D\u00f6da trakten \/ Kvinnor i revolt<\/p>\n<p>Albert Bonniers, 384 s.<\/p>\n<p>Visa mer<\/p>\n<p>Amanda Svensson \u00e4r f\u00f6rfattare, \u00f6vers\u00e4ttare och medarbetare p\u00e5 Expressens kultursida.\u00a0<\/p>\n","protected":false},"excerpt":{"rendered":"Publicerad 14 okt 2025 kl 05.00 Monika Fagerholms nya roman snurrar runt som en centrifug.\u00a0 Amanda Svensson hittar&hellip;\n","protected":false},"author":2,"featured_media":55599,"comment_status":"","ping_status":"","sticky":false,"template":"","format":"standard","meta":{"footnotes":""},"categories":[67],"tags":[104,34,438,31,33,32,30,1515,105],"class_list":{"0":"post-55598","1":"post","2":"type-post","3":"status-publish","4":"format-standard","5":"has-post-thumbnail","7":"category-underhallning","8":"tag-entertainment","9":"tag-se","10":"tag-sections-bocker","11":"tag-svenska","12":"tag-sverige","13":"tag-sweden","14":"tag-swedish","15":"tag-topic-bokrecensioner","16":"tag-underhallning"},"share_on_mastodon":{"url":"","error":""},"_links":{"self":[{"href":"https:\/\/www.europesays.com\/se\/wp-json\/wp\/v2\/posts\/55598","targetHints":{"allow":["GET"]}}],"collection":[{"href":"https:\/\/www.europesays.com\/se\/wp-json\/wp\/v2\/posts"}],"about":[{"href":"https:\/\/www.europesays.com\/se\/wp-json\/wp\/v2\/types\/post"}],"author":[{"embeddable":true,"href":"https:\/\/www.europesays.com\/se\/wp-json\/wp\/v2\/users\/2"}],"replies":[{"embeddable":true,"href":"https:\/\/www.europesays.com\/se\/wp-json\/wp\/v2\/comments?post=55598"}],"version-history":[{"count":0,"href":"https:\/\/www.europesays.com\/se\/wp-json\/wp\/v2\/posts\/55598\/revisions"}],"wp:featuredmedia":[{"embeddable":true,"href":"https:\/\/www.europesays.com\/se\/wp-json\/wp\/v2\/media\/55599"}],"wp:attachment":[{"href":"https:\/\/www.europesays.com\/se\/wp-json\/wp\/v2\/media?parent=55598"}],"wp:term":[{"taxonomy":"category","embeddable":true,"href":"https:\/\/www.europesays.com\/se\/wp-json\/wp\/v2\/categories?post=55598"},{"taxonomy":"post_tag","embeddable":true,"href":"https:\/\/www.europesays.com\/se\/wp-json\/wp\/v2\/tags?post=55598"}],"curies":[{"name":"wp","href":"https:\/\/api.w.org\/{rel}","templated":true}]}}