{"id":55603,"date":"2025-10-14T15:09:11","date_gmt":"2025-10-14T15:09:11","guid":{"rendered":"https:\/\/www.europesays.com\/se\/55603\/"},"modified":"2025-10-14T15:09:11","modified_gmt":"2025-10-14T15:09:11","slug":"tp-link-har-demonstrerat-wi-fi-8","status":"publish","type":"post","link":"https:\/\/www.europesays.com\/se\/55603\/","title":{"rendered":"TP-Link har demonstrerat Wi-Fi 8"},"content":{"rendered":"<p class=\"kicker t20 font-Raleway\" style=\"\">Tidigt ute<\/p>\n<p>    TP\u2011Link har visat en tidig prototyp av Wi\u2011Fi 8 och lyckades genomf\u00f6ra en testkoppling som visar att tekniken kan ge stabilare uppkopplingar.<\/p>\n<p>Det \u00e4r knappt Wi-Fi 7 har f\u00e5tt upp farten ute i stugorna, men nu har <a href=\"https:\/\/www.tp-link.com\/us\/wifi8\/ \" target=\"_blank\" rel=\"nofollow noopener\">TP\u2011Link<\/a> demonstrerat en tidig prototyp av Wi\u2011Fi 8 och lyckats genomf\u00f6ra en testkoppling som visar att tekniken kan fungera i praktiken. F\u00f6retaget kallar testet en viktig milstolpe och s\u00e4ger att de f\u00f6rsta konsumentprodukterna kan dyka upp redan innan den slutgiltiga standarden \u00e4r fastst\u00e4lld.\u00a0<\/p>\n<p>Till skillnad fr\u00e5n tidigare generationer \u00e4r huvudm\u00e5let f\u00f6r Wi\u2011Fi 8 att \u00f6ka stabilitet och p\u00e5litlighet i verkliga milj\u00f6er, s\u00e4rskilt i omr\u00e5den med svag signal eller m\u00e5nga samtidigt uppkopplade enheter. Det handlar inte fr\u00e4mst om att n\u00e5 h\u00f6gre teoretiska topphastigheter utan om att minska avbrott, f\u00f6rdr\u00f6jning och problem vid r\u00f6relse i hemmet, vilket ska ge j\u00e4mnare spel, streaming och videosamtal.\u00a0<\/p>\n<p>Den officiella Wi\u2011Fi 8\u2011standarden f\u00f6rv\u00e4ntas bli klar omkring 2028, \u00e4ven om tillverkare som TP\u2011Link redan testar h\u00e5rdvara och kan sl\u00e4ppa produkter innan standarden \u00e4r slutligt antagen.\u00a0<\/p>\n","protected":false},"excerpt":{"rendered":"Tidigt ute TP\u2011Link har visat en tidig prototyp av Wi\u2011Fi 8 och lyckades genomf\u00f6ra en testkoppling som visar&hellip;\n","protected":false},"author":2,"featured_media":55604,"comment_status":"","ping_status":"","sticky":false,"template":"","format":"standard","meta":{"footnotes":""},"categories":[66],"tags":[80,78,79,34,31,33,32,30,81,84,83,82],"class_list":{"0":"post-55603","1":"post","2":"type-post","3":"status-publish","4":"format-standard","5":"has-post-thumbnail","7":"category-vetenskap-och-teknik","8":"tag-science","9":"tag-science-and-technology","10":"tag-scienceandtechnology","11":"tag-se","12":"tag-svenska","13":"tag-sverige","14":"tag-sweden","15":"tag-swedish","16":"tag-technology","17":"tag-teknik","18":"tag-vetenskap","19":"tag-vetenskapteknik"},"share_on_mastodon":{"url":"","error":""},"_links":{"self":[{"href":"https:\/\/www.europesays.com\/se\/wp-json\/wp\/v2\/posts\/55603","targetHints":{"allow":["GET"]}}],"collection":[{"href":"https:\/\/www.europesays.com\/se\/wp-json\/wp\/v2\/posts"}],"about":[{"href":"https:\/\/www.europesays.com\/se\/wp-json\/wp\/v2\/types\/post"}],"author":[{"embeddable":true,"href":"https:\/\/www.europesays.com\/se\/wp-json\/wp\/v2\/users\/2"}],"replies":[{"embeddable":true,"href":"https:\/\/www.europesays.com\/se\/wp-json\/wp\/v2\/comments?post=55603"}],"version-history":[{"count":0,"href":"https:\/\/www.europesays.com\/se\/wp-json\/wp\/v2\/posts\/55603\/revisions"}],"wp:featuredmedia":[{"embeddable":true,"href":"https:\/\/www.europesays.com\/se\/wp-json\/wp\/v2\/media\/55604"}],"wp:attachment":[{"href":"https:\/\/www.europesays.com\/se\/wp-json\/wp\/v2\/media?parent=55603"}],"wp:term":[{"taxonomy":"category","embeddable":true,"href":"https:\/\/www.europesays.com\/se\/wp-json\/wp\/v2\/categories?post=55603"},{"taxonomy":"post_tag","embeddable":true,"href":"https:\/\/www.europesays.com\/se\/wp-json\/wp\/v2\/tags?post=55603"}],"curies":[{"name":"wp","href":"https:\/\/api.w.org\/{rel}","templated":true}]}}