{"id":55605,"date":"2025-10-14T15:13:14","date_gmt":"2025-10-14T15:13:14","guid":{"rendered":"https:\/\/www.europesays.com\/se\/55605\/"},"modified":"2025-10-14T15:13:14","modified_gmt":"2025-10-14T15:13:14","slug":"lena-radstrom-baastad-har-cancer-manga-tarar","status":"publish","type":"post","link":"https:\/\/www.europesays.com\/se\/55605\/","title":{"rendered":"Lena R\u00e5dstr\u00f6m Baastad har cancer: \u201dM\u00e5nga t\u00e5rar\u201d"},"content":{"rendered":"<p>Publicerad 14 okt 2025 kl 12.38<\/p>\n<p>Landsh\u00f6vdingen och tidigare S-toppen Lena R\u00e5dstr\u00f6m-Baastad har br\u00f6stcancer.<\/p>\n<p>Det ber\u00e4ttar hon f\u00f6r <a href=\"https:\/\/www.na.se\/2025-10-13\/landshovdingen-lena-radstrom-baastad-jag-har-cancer\/\" rel=\"nofollow noopener\" target=\"_blank\">Nerikes Allehanda<\/a>.<\/p>\n<p>\u2013 Jag har katastroftankar ibland och det har varit m\u00e5nga t\u00e5rar, ilska och sorg. Men jag \u00e4r ganska krass ocks\u00e5 \u2013 och helt inst\u00e4lld p\u00e5 att \u00f6verleva det h\u00e4r, s\u00e4ger hon till tidningen.<\/p>\n<p>Senaste nyhetsklippen fr\u00e5n Expressen.<img   alt=\"\"\/><\/p>\n<p>Lena R\u00e5dstr\u00f6m Baastad under en minnesceremoni f\u00f6r offren f\u00f6r skolskjutningen p\u00e5 Risbergska i \u00d6rebro.<\/p>\n<p>Foto: Kicki Nilsson\/TT \/ TT NYHETSBYR\u00c5N<\/p>\n<p>\u00d6ppna bild i helsk\u00e4rm<img loading=\"lazy\"   alt=\"\"\/><\/p>\n<p>Lena R\u00e5dstr\u00f6m-Baastad slutade som partisekreterare 2021. H\u00e4r avtackas hon av Magdalena Andersson.<\/p>\n<p>Foto: Adam Ihse\/TT \/ TT NYHETSBYR\u00c5N<\/p>\n<p>\u00d6ppna bild i helsk\u00e4rm<\/p>\n<p><a href=\"https:\/\/www.expressen.se\/tagg\/person\/lena-radstrom-baastad\/\" class=\"\" rel=\"nofollow noopener\" target=\"_blank\">Lena R\u00e5dstr\u00f6m Baastad<\/a>, landh\u00f6vding i \u00d6rebro l\u00e4n och tidigare partisekreterare f\u00f6r Socialdemokraterna, ska opereras f\u00f6r br\u00f6stcancer i oktober och sedan genomg\u00e5 str\u00e5lbehandling.<\/p>\n<p>I en \u00f6ppenhj\u00e4rtig intervju med Nerikes Allehanda ber\u00e4ttar hon om kn\u00f6len som hon uppt\u00e4ckte i somras. F\u00f6rst trodde hon inte att det var n\u00e5got, men efter en mammografiunders\u00f6kning kom till slut cancerbeskedet.<\/p>\n<p>Ist\u00e4llet f\u00f6r att s\u00f6ka tr\u00f6st hos v\u00e4nner eller familj \u00e5kte hon till jobbet och ett budgetm\u00f6te p\u00e5 L\u00e4nsstyrelsen.<\/p>\n<p>\u2013 Jag kunde ju inte prata med n\u00e5gon just d\u00e5. Om jag hade gjort det \u2013 det hade blivit s\u00e5 jobbigt, s\u00e4ger hon, till NA.<\/p>\n<p>Sjukskrivs fr\u00e5n jobbet<\/p>\n<p>Hon beskriver det som en ganska \u201denkel\u201d form av cancer och s\u00e4ger att hon litar p\u00e5 v\u00e5rden d\u00e4r hon hittills \u00e4r v\u00e4ldigt n\u00f6jd med bem\u00f6tandet.<\/p>\n<p>Lena R\u00e5dstr\u00f6m Baastad kommer under behandlingen att vara sjukskriven fr\u00e5n jobbet som landh\u00f6vding, men kan inte ber\u00e4tta vem det blir som hoppar in som vikarie. Sista arbetsdagen blir p\u00e5 p\u00e5 Kungliga slottet i Stockholm.<\/p>\n<p>\u2013 Jag jobbar min sista dag p\u00e5 fredag, och avslutar med den s\u00e5 kallade Sverigemiddagen. D\u00e5 f\u00e5r varje landsh\u00f6vding bjuda med sig fyra g\u00e4ster p\u00e5 en middag hos kungen, s\u00e4ger hon, till NA.<\/p>\n","protected":false},"excerpt":{"rendered":"Publicerad 14 okt 2025 kl 12.38 Landsh\u00f6vdingen och tidigare S-toppen Lena R\u00e5dstr\u00f6m-Baastad har br\u00f6stcancer. Det ber\u00e4ttar hon f\u00f6r&hellip;\n","protected":false},"author":2,"featured_media":55606,"comment_status":"","ping_status":"","sticky":false,"template":"","format":"standard","meta":{"footnotes":""},"categories":[5],"tags":[22,23,26,27,17,21,24,25,28,29,15,16,834,1458,5354,18,34,154,31,33,32,30,19,688,20],"class_list":{"0":"post-55605","1":"post","2":"type-post","3":"status-publish","4":"format-standard","5":"has-post-thumbnail","7":"category-rubriker","8":"tag-breaking-news","9":"tag-breakingnews","10":"tag-featured-news","11":"tag-featurednews","12":"tag-headlines","13":"tag-huvudnyheter","14":"tag-latest-news","15":"tag-latestnews","16":"tag-main-news","17":"tag-mainnews","18":"tag-news","19":"tag-nyheter","20":"tag-organization-lansstyrelsen","21":"tag-organization-socialdemokraterna","22":"tag-person-lena-radstrom-baastad","23":"tag-rubriker","24":"tag-se","25":"tag-sections-sverige","26":"tag-svenska","27":"tag-sverige","28":"tag-sweden","29":"tag-swedish","30":"tag-top-stories","31":"tag-topic-halsa-sjukvard","32":"tag-topstories"},"share_on_mastodon":{"url":"","error":""},"_links":{"self":[{"href":"https:\/\/www.europesays.com\/se\/wp-json\/wp\/v2\/posts\/55605","targetHints":{"allow":["GET"]}}],"collection":[{"href":"https:\/\/www.europesays.com\/se\/wp-json\/wp\/v2\/posts"}],"about":[{"href":"https:\/\/www.europesays.com\/se\/wp-json\/wp\/v2\/types\/post"}],"author":[{"embeddable":true,"href":"https:\/\/www.europesays.com\/se\/wp-json\/wp\/v2\/users\/2"}],"replies":[{"embeddable":true,"href":"https:\/\/www.europesays.com\/se\/wp-json\/wp\/v2\/comments?post=55605"}],"version-history":[{"count":0,"href":"https:\/\/www.europesays.com\/se\/wp-json\/wp\/v2\/posts\/55605\/revisions"}],"wp:featuredmedia":[{"embeddable":true,"href":"https:\/\/www.europesays.com\/se\/wp-json\/wp\/v2\/media\/55606"}],"wp:attachment":[{"href":"https:\/\/www.europesays.com\/se\/wp-json\/wp\/v2\/media?parent=55605"}],"wp:term":[{"taxonomy":"category","embeddable":true,"href":"https:\/\/www.europesays.com\/se\/wp-json\/wp\/v2\/categories?post=55605"},{"taxonomy":"post_tag","embeddable":true,"href":"https:\/\/www.europesays.com\/se\/wp-json\/wp\/v2\/tags?post=55605"}],"curies":[{"name":"wp","href":"https:\/\/api.w.org\/{rel}","templated":true}]}}