{"id":55676,"date":"2025-10-14T18:11:07","date_gmt":"2025-10-14T18:11:07","guid":{"rendered":"https:\/\/www.europesays.com\/se\/55676\/"},"modified":"2025-10-14T18:11:07","modified_gmt":"2025-10-14T18:11:07","slug":"ondskan-stjarnan-henrik-lundstrom-visar-upp-sin-nya-flickvan","status":"publish","type":"post","link":"https:\/\/www.europesays.com\/se\/55676\/","title":{"rendered":"Ondskan-stj\u00e4rnan Henrik Lundstr\u00f6m visar upp sin nya flickv\u00e4n"},"content":{"rendered":"<p>Publicerad 14 okt 2025 kl 19.56<\/p>\n<p><img   alt=\"\"\/><\/p>\n<p>Hnerik Lundstr\u00f6m.<\/p>\n<p>Foto: Charlotte Brunzell\/TT \/ TT NYHETSBYR\u00c5N<\/p>\n<p>\u00d6ppna bild i helsk\u00e4rm<img loading=\"lazy\"   alt=\"\"\/><\/p>\n<p>Henriks nya tjej Linnea.<\/p>\n<p>Foto: Instagram<\/p>\n<p>\u00d6ppna bild i helsk\u00e4rm<\/p>\n<p>Henrik Lundstr\u00f6m har varit med i svenska filmer som \u201dTillsammans\u201d, \u201dG\u00f6ta kanal 2 \u2013 kanalkampen\u201d och \u201dOndskan\u201d.\u00a0<\/p>\n<p>\u00a02024 gick han och den d\u00e5varande partnern skilda v\u00e4gar efter sju \u00e5r tillsammans.\u00a0<\/p>\n<p>Men nu \u00e4r sk\u00e5despelaren k\u00e4r igen.<\/p>\n<p>Under galapremi\u00e4ren av Disney plus \u201dKoka bj\u00f6rn\u201d d\u00f6k han upp med nya flickv\u00e4nnen Linn\u00e9a.\u00a0<\/p>\n<p>F\u00f6r <a href=\"https:\/\/www.hant.se\/noje\/henrik-lundstrom-visar-upp-nya-karleken\/11072001\" rel=\"nofollow noopener\" target=\"_blank\">H\u00e4nt<\/a> ber\u00e4ttar de att de varit ett par i tre m\u00e5nader och att de tr\u00e4ffades via en app.\u00a0<\/p>\n<p>Linnea jobbar inom kommunen och det som f\u00f6rt dem samman \u00e4r bland annat dans.\u00a0<\/p>\n<p>\u2013 Jag dansar mycket, k\u00f6r mycket kreativt ocks\u00e5. S\u00e5 vi matchar bra genom att vi b\u00e5da gillar att dansa, s\u00e4ger Linnea till <a href=\"https:\/\/www.hant.se\/noje\/henrik-lundstrom-visar-upp-nya-karleken\/11072001\" rel=\"nofollow noopener\" target=\"_blank\">sajten.\u00a0<\/a><\/p>\n<p><img loading=\"lazy\"   alt=\"\"\/><\/p>\n<p>Nya flickv\u00e4nnen Linnea och Henrik.<\/p>\n<p>Foto: Instagram<\/p>\n<p>\u00d6ppna bild i helsk\u00e4rm<\/p>\n","protected":false},"excerpt":{"rendered":"Publicerad 14 okt 2025 kl 19.56 Hnerik Lundstr\u00f6m. Foto: Charlotte Brunzell\/TT \/ TT NYHETSBYR\u00c5N \u00d6ppna bild i helsk\u00e4rm&hellip;\n","protected":false},"author":2,"featured_media":55677,"comment_status":"","ping_status":"","sticky":false,"template":"","format":"standard","meta":{"footnotes":""},"categories":[67],"tags":[104,34,31,33,32,30,105],"class_list":{"0":"post-55676","1":"post","2":"type-post","3":"status-publish","4":"format-standard","5":"has-post-thumbnail","7":"category-underhallning","8":"tag-entertainment","9":"tag-se","10":"tag-svenska","11":"tag-sverige","12":"tag-sweden","13":"tag-swedish","14":"tag-underhallning"},"share_on_mastodon":{"url":"","error":""},"_links":{"self":[{"href":"https:\/\/www.europesays.com\/se\/wp-json\/wp\/v2\/posts\/55676","targetHints":{"allow":["GET"]}}],"collection":[{"href":"https:\/\/www.europesays.com\/se\/wp-json\/wp\/v2\/posts"}],"about":[{"href":"https:\/\/www.europesays.com\/se\/wp-json\/wp\/v2\/types\/post"}],"author":[{"embeddable":true,"href":"https:\/\/www.europesays.com\/se\/wp-json\/wp\/v2\/users\/2"}],"replies":[{"embeddable":true,"href":"https:\/\/www.europesays.com\/se\/wp-json\/wp\/v2\/comments?post=55676"}],"version-history":[{"count":0,"href":"https:\/\/www.europesays.com\/se\/wp-json\/wp\/v2\/posts\/55676\/revisions"}],"wp:featuredmedia":[{"embeddable":true,"href":"https:\/\/www.europesays.com\/se\/wp-json\/wp\/v2\/media\/55677"}],"wp:attachment":[{"href":"https:\/\/www.europesays.com\/se\/wp-json\/wp\/v2\/media?parent=55676"}],"wp:term":[{"taxonomy":"category","embeddable":true,"href":"https:\/\/www.europesays.com\/se\/wp-json\/wp\/v2\/categories?post=55676"},{"taxonomy":"post_tag","embeddable":true,"href":"https:\/\/www.europesays.com\/se\/wp-json\/wp\/v2\/tags?post=55676"}],"curies":[{"name":"wp","href":"https:\/\/api.w.org\/{rel}","templated":true}]}}