{"id":55687,"date":"2025-10-14T18:26:08","date_gmt":"2025-10-14T18:26:08","guid":{"rendered":"https:\/\/www.europesays.com\/se\/55687\/"},"modified":"2025-10-14T18:26:08","modified_gmt":"2025-10-14T18:26:08","slug":"tennis-ymer-kampen-elias-klart-starkast","status":"publish","type":"post","link":"https:\/\/www.europesays.com\/se\/55687\/","title":{"rendered":"Tennis: Ymer-kampen \u2013 Elias klart starkast"},"content":{"rendered":"<p>Se de k\u00e4nslosamma bilderna i spelaren ovan.<\/p>\n<p>Elias vann f\u00f6rsta set med klara 6-2.<\/p>\n<p>\u2013 Storebror visar mycket mer pondus, sade expert \u00c5sa Svensson i SVT:s s\u00e4ndning.<\/p>\n<p>Men i det andra setet hittade lillebror Mikael rytmen och tog setet till tiebreak. <\/p>\n<p>V\u00e4l d\u00e4r var det \u00e5terigen Elias som tog initiativet med n\u00e5gra tunga slag fr\u00e5n baslinjen. Mikael var n\u00e4ra att lyckas med ett konstslag bakom ryggen men det gick inte hem. Elias vann tiebreaket med 7-4 och matchen med 6-2,7-6 i set.<\/p>\n<p>\u2013 Jag servade extremt bra idag. Men det var lite sv\u00e5rt eftersom han kan mina servar s\u00e5 bra, s\u00e5 jag var tvungen att v\u00e4nda p\u00e5 allt, sa Elias om varf\u00f6r han vann mot Mikael.<\/p>\n<p>Det h\u00e4r var f\u00f6rsta g\u00e5ngen br\u00f6derna m\u00f6ttes i ATP-sammanhang.<\/p>\n<p>\u2013 Det \u00e4r mer \u00e4n tennis. Allt vad vi g\u00e5tt igenom. Pappa, Mikael och jag. Och s\u00e5 har vi aldrig m\u00f6tts h\u00e4r, s\u00e4ger Elias till SVT Sport om varf\u00f6r det \u00e4r s\u00e5 k\u00e4nslosamt.<\/p>\n<p>\u2013 T\u00e4nk dig en som du delat absolut allt med, dina tuffaste motg\u00e5ngar, dina gl\u00e4dje-moments. Det var det h\u00e4r vi bad om, sn\u00e4lla Gud vi vill bli tennisproffs och m\u00f6tas p\u00e5 centrecourten, s\u00e4ger Elias med t\u00e5rfyllda \u00f6gon.<\/p>\n","protected":false},"excerpt":{"rendered":"Se de k\u00e4nslosamma bilderna i spelaren ovan. Elias vann f\u00f6rsta set med klara 6-2. \u2013 Storebror visar mycket&hellip;\n","protected":false},"author":2,"featured_media":55688,"comment_status":"","ping_status":"","sticky":false,"template":"","format":"standard","meta":{"footnotes":""},"categories":[68],"tags":[34,111,110,31,33,32,30],"class_list":{"0":"post-55687","1":"post","2":"type-post","3":"status-publish","4":"format-standard","5":"has-post-thumbnail","7":"category-sport","8":"tag-se","9":"tag-sport","10":"tag-sports","11":"tag-svenska","12":"tag-sverige","13":"tag-sweden","14":"tag-swedish"},"share_on_mastodon":{"url":"","error":""},"_links":{"self":[{"href":"https:\/\/www.europesays.com\/se\/wp-json\/wp\/v2\/posts\/55687","targetHints":{"allow":["GET"]}}],"collection":[{"href":"https:\/\/www.europesays.com\/se\/wp-json\/wp\/v2\/posts"}],"about":[{"href":"https:\/\/www.europesays.com\/se\/wp-json\/wp\/v2\/types\/post"}],"author":[{"embeddable":true,"href":"https:\/\/www.europesays.com\/se\/wp-json\/wp\/v2\/users\/2"}],"replies":[{"embeddable":true,"href":"https:\/\/www.europesays.com\/se\/wp-json\/wp\/v2\/comments?post=55687"}],"version-history":[{"count":0,"href":"https:\/\/www.europesays.com\/se\/wp-json\/wp\/v2\/posts\/55687\/revisions"}],"wp:featuredmedia":[{"embeddable":true,"href":"https:\/\/www.europesays.com\/se\/wp-json\/wp\/v2\/media\/55688"}],"wp:attachment":[{"href":"https:\/\/www.europesays.com\/se\/wp-json\/wp\/v2\/media?parent=55687"}],"wp:term":[{"taxonomy":"category","embeddable":true,"href":"https:\/\/www.europesays.com\/se\/wp-json\/wp\/v2\/categories?post=55687"},{"taxonomy":"post_tag","embeddable":true,"href":"https:\/\/www.europesays.com\/se\/wp-json\/wp\/v2\/tags?post=55687"}],"curies":[{"name":"wp","href":"https:\/\/api.w.org\/{rel}","templated":true}]}}