{"id":55695,"date":"2025-10-14T18:40:08","date_gmt":"2025-10-14T18:40:08","guid":{"rendered":"https:\/\/www.europesays.com\/se\/55695\/"},"modified":"2025-10-14T18:40:08","modified_gmt":"2025-10-14T18:40:08","slug":"john-andreasson-22-doms-till-livstids-fangelse-for-mord-i-malmo","status":"publish","type":"post","link":"https:\/\/www.europesays.com\/se\/55695\/","title":{"rendered":"John Andreasson, 22, d\u00f6ms till livstids f\u00e4ngelse f\u00f6r mord i Malm\u00f6"},"content":{"rendered":"<p>Publicerad 14 okt 2025 kl 19.24<\/p>\n<p>John Andreasson satte p\u00e5 sig arbetsjackan och tog med sig verktygsl\u00e5dan.\u00a0<\/p>\n<p>Sedan genomf\u00f6rde han en mordbest\u00e4llning i Malm\u00f6, enligt tingsr\u00e4tten.\u00a0<\/p>\n<p>Nu har den tidigare ostraffade 22-\u00e5ringen d\u00f6mts till livstids f\u00e4ngelse.\u00a0<\/p>\n<p>\u2013 Det \u00e4r naturligtvis en besvikelse, s\u00e4ger hans advokat Emily Petersen.\u00a0<\/p>\n<p>Nyheter, reportage och analyser i Sverige och i \u00f6vriga v\u00e4rlden.<img   alt=\"\"\/><\/p>\n<p>John Andreasson har d\u00f6mts till livstids f\u00e4ngelse.<\/p>\n<p>Foto: Polisen<\/p>\n<p>\u00d6ppna bild i helsk\u00e4rm<img loading=\"lazy\"   alt=\"\"\/><\/p>\n<p>En prislista som John Andreasson lagt ut, enligt utredningen.<\/p>\n<p>Foto: Polisen<\/p>\n<p>\u00d6ppna bild i helsk\u00e4rm<\/p>\n<p>Strax efter klockan 17 den 11 november f\u00f6rra \u00e5ret larmade boende runt Kattarpstorget i <a href=\"https:\/\/www.expressen.se\/tagg\/location\/malmo\/\" class=\"\" rel=\"nofollow noopener\" target=\"_blank\">Malm\u00f6<\/a> om skottlossning och en sv\u00e5rt skadad man som tagit sig in p\u00e5 lokal pizzeria.\u00a0<\/p>\n<p>\u2013 Jag h\u00f6rde n\u00e5got som l\u00e4t som fyra poppar, skott. Det ligger n\u00e5gon d\u00e4r nere, sa en av inringarna i ett larmsamtal.\u00a0<\/p>\n<p>Pistolbev\u00e4pnad \u201dbyggjobbare\u201d sprang fr\u00e5n platsen<\/p>\n<p>Ett av vittnena ber\u00e4ttade att en man kl\u00e4dd som en byggarbetare, med reflexjacka och verktygsl\u00e5da, bev\u00e4pnad med pistol hade sprungit fr\u00e5n platsen direkt efter skotten.\u00a0<\/p>\n<p>En person med likadana signalementsuppgifter hade iakttagits i omr\u00e5det strax innan mordet och \u00e4ven filmats av en \u00f6vervakningskamera.\u00a0<\/p>\n<p><img loading=\"lazy\"   alt=\"\"\/><\/p>\n<p>En man som var kl\u00e4dd i reflexjacka, svart keps och bar p\u00e5 en verktygsl\u00e5da iakttogs innan och efter d\u00e5det. Och filmades p\u00e5 \u00f6vervakningskamera. Enligt tingsr\u00e4tten r\u00f6r det sig om John Andreasson.<\/p>\n<p>Foto: Polisen<\/p>\n<p>\u00d6ppna bild i helsk\u00e4rm<img loading=\"lazy\"   alt=\"\"\/><\/p>\n<p>John Andreasson p\u00e5 en av de selfies som polisen s\u00e4krat i hans mobiltelefon.<\/p>\n<p>Foto: Polisen<\/p>\n<p>\u00d6ppna bild i helsk\u00e4rm<\/p>\n<p>Malm\u00f6 tingsr\u00e4tt har nu slagit fast att \u201dbyggarbetaren\u201d var John Andreasson. En tidigare ostraffad 22-\u00e5ring fr\u00e5n \u00d6rebrotrakten som tagit p\u00e5 sig uppdrag i den undre v\u00e4rlden efter att han blev av med sitt jobb f\u00f6rra \u00e5ret.\u00a0<\/p>\n<p>Kl\u00e4der och verktygsl\u00e5da hade han k\u00f6pt p\u00e5 en Jula i G\u00f6teborg n\u00e5gra dagar innan.\u00a0<\/p>\n<p>Han d\u00f6ms till livstids f\u00e4ngelse f\u00f6r d\u00e5det, f\u00f6r grovt vapenbrott och f\u00f6r att ha hanterat och f\u00f6rs\u00f6kt s\u00e4lja 200 gram kokain.\u00a0<\/p>\n<p>\u2013 Jag kan konstatera att tingsr\u00e4tten delar min bed\u00f6mning. De d\u00f6mer f\u00f6r de g\u00e4rningar som jag har \u00e5talat och till den p\u00e5f\u00f6ljd som jag yrkat p\u00e5, s\u00e4ger kammar\u00e5klagare Elena Severin.\u00a0<\/p>\n<p>John Andreasson teg sig genom polisf\u00f6rh\u00f6ren. N\u00e5got han senare skulle f\u00f6rklara med att han var s\u00e4ker p\u00e5 att polisen under utredningens g\u00e5ng skulle hitta den riktiga m\u00f6rdaren.\u00a0<\/p>\n<p>Han har medgivit vapenbrottet.\u00a0<\/p>\n<p>\u2013 Den h\u00e4r domen \u00e4r naturligtvis en besvikelse f\u00f6r min huvudman. Han har f\u00f6rnekat ansvar f\u00f6r mordet och grovt narkotikabrott. Med h\u00e4nvisning till de sk\u00e4l som han framf\u00f6rde under f\u00f6rhandlingen i tingsr\u00e4tten s\u00e5 hade vi hoppats och v\u00e4ntat oss en annan utg\u00e5ng i m\u00e5let, s\u00e4ger advokat Emily Petersen.\u00a0<\/p>\n<p>\u2013 Vi kommer att \u00f6verklaga den.\u00a0<\/p>\n<p><img loading=\"lazy\"   alt=\"\"\/><\/p>\n<p>John Andreasson har erk\u00e4nt att han hanterat vapen. Men f\u00f6rnekat mord och grovt narkotikabrott.<\/p>\n<p>Foto: Polisen<\/p>\n<p>\u00d6ppna bild i helsk\u00e4rm<img loading=\"lazy\"   alt=\"\"\/><\/p>\n<p>John Andreasson har uppgett att han b\u00f6rjade ta p\u00e5 sig kriminella uppdrag i appen Signal efter att han blev av med jobbet.<\/p>\n<p>Foto: Polisen<\/p>\n<p>\u00d6ppna bild i helsk\u00e4rmAndreassons f\u00f6rklaring avf\u00e4rdas<\/p>\n<p>Enligt Andreassons m\u00f6tte han strax innan mordet upp en man \u2013 kl\u00e4dd som en byggarbetare med en verktygsl\u00e5da \u2013 som han \u00f6verl\u00e4mnade en pistol till efter att ha f\u00e5tt anvisningar.\u00a0<\/p>\n<p>Detta efter att f\u00f6rst ha yttrat kododet \u201dredbull\u201d.\u00a0<\/p>\n<p>Annons<\/p>\n<p>Tingsr\u00e4tten avf\u00e4rdar John Andreassons f\u00f6rklaring och hans andra uppgifter som motstridiga och efterhandskonstruktioner, som har tillkommit efterhand som Andreasson f\u00e5tt insyn i f\u00f6runders\u00f6kningen.\u00a0<\/p>\n<p>\u201dTingsr\u00e4tten anser att sannolikheten f\u00f6r att en annan person skulle ha vistats i samma omr\u00e5de som John Andreasson och dessutom haft s\u00e5 m\u00e5nga liknande attribut som honom f\u00e5r anses vara liten. Detta s\u00e4rskilt med beaktande av den s\u00e4rpr\u00e4gel som jackan haft och d\u00e5 det inte f\u00e5r anses h\u00f6ra till vanligheterna att g\u00e5 runt med en verktygsl\u00e5da\u201d, skriver r\u00e4tten.\u00a0<\/p>\n<p>I f\u00f6runders\u00f6kningsmaterialet finns en rad bilder som Andreasson tagit p\u00e5 sig sj\u00e4lv och de tv\u00e5 skjutvapen som figurerat i utredningen. En av bilderna, d\u00e4r han syns med det utpekade mordvapnet, \u00e4r enligt tidsst\u00e4mpeln tagen dagen efter d\u00e5det.\u00a0<\/p>\n<p><img loading=\"lazy\"   alt=\"\"\/><\/p>\n<p>En av bilderna, d\u00e4r John Andreasson syns med det utpekade mordvapnet, \u00e4r enligt tidsst\u00e4mpeln tagen dagen efter d\u00e5det.<\/p>\n<p>Foto: Polisen<\/p>\n<p>\u00d6ppna bild i helsk\u00e4rm<\/p>\n<p>Tingsr\u00e4tten konstaterar att Andreassons DNA har s\u00e4krats p\u00e5 mordvapnet och p\u00e5 patronhylsor som hittats p\u00e5 platsen.\u00a0<\/p>\n<p>Och att v\u00e4nner till Andreasson i polisf\u00f6rh\u00f6r uppgett att han ber\u00e4ttat att han skulle utf\u00f6ra en \u201djappning\u201d och att han skjutit en person.\u00a0<\/p>\n<p>Ang\u00e5ende kokainet s\u00e5 h\u00e4vdar Andreasson att det r\u00f6rde sig om amfetamin, som har en l\u00e4gre straffskala, trots att sms-konversationer och en prislista som han sj\u00e4lv lagt ut sl\u00e5r fast att det handlade om kokain.\u00a0<\/p>\n<p>Ok\u00e4nd uppdragsgivare<\/p>\n<p>Den m\u00f6rdade mannen var 21 \u00e5r. Av utredningen att d\u00f6ma en sm\u00e5skalig narkotikalangare som hade l\u00e4mnat en kompis i sin l\u00e4genhet f\u00f6r att g\u00e5 ned och g\u00f6ra en snabb aff\u00e4r med n\u00e5gra gram hasch, fortfarande kl\u00e4dd i tofflor.\u00a0<\/p>\n<p><img loading=\"lazy\"   alt=\"\"\/><\/p>\n<p>Obduktionen av 21-\u00e5ringen visade att han tr\u00e4ffats av fem skott i \u00f6verkroppen, v\u00e4nsterarmen och axeln.<\/p>\n<p>Foto: Polisen<\/p>\n<p>\u00d6ppna bild i helsk\u00e4rm<img loading=\"lazy\"   alt=\"\"\/><\/p>\n<p>Efter att ha blivit skjuten lyckades 21-\u00e5ringen fly in p\u00e5 en pizzeria. Hans liv gick inte att r\u00e4dda.<\/p>\n<p>Foto: Polisen<\/p>\n<p>\u00d6ppna bild i helsk\u00e4rm<\/p>\n<p>Han tr\u00e4ffades av fem skott, i \u00f6verkroppen v\u00e4nsterarmen och axeln och det \u00e4r fortfarande oklart vem som ville se honom d\u00f6d.\u00a0<\/p>\n<p>\u2013 Min bed\u00f6mning \u00e4r att han som \u00e4r d\u00f6md g\u00f6r det h\u00e4r p\u00e5 uppdrag av en annan. Han \u00e4r skytten och jag vet att det \u00e4r fler inblandade. Men d\u00e4r p\u00e5g\u00e5r fortfarande f\u00f6runders\u00f6kningen s\u00e5 av den anledningen vill jag inte g\u00e5 in n\u00e4rmare p\u00e5 det, s\u00e4ger Elena Severin.\u00a0<\/p>\n<p>Det \u00e4r ocks\u00e5 oklart om n\u00e5gon ens ville se honom d\u00f6d. Sekretessbelagda uppgifter i f\u00f6runders\u00f6kningen tyder p\u00e5 att m\u00f6rdaren kan ha skjutit fel person.\u00a0<\/p>\n<p>\u2013 Det har framkommit vissa uppgifter om att det var n\u00e5gon annan man hade t\u00e4nkt skjuta.\u00a0<\/p>\n","protected":false},"excerpt":{"rendered":"Publicerad 14 okt 2025 kl 19.24 John Andreasson satte p\u00e5 sig arbetsjackan och tog med sig verktygsl\u00e5dan.\u00a0 Sedan&hellip;\n","protected":false},"author":2,"featured_media":55696,"comment_status":"","ping_status":"","sticky":false,"template":"","format":"standard","meta":{"footnotes":""},"categories":[5],"tags":[22,23,26,27,17,21,24,25,239,2211,950,28,29,15,16,18,34,154,31,33,32,30,19,136,436,20],"class_list":{"0":"post-55695","1":"post","2":"type-post","3":"status-publish","4":"format-standard","5":"has-post-thumbnail","7":"category-rubriker","8":"tag-breaking-news","9":"tag-breakingnews","10":"tag-featured-news","11":"tag-featurednews","12":"tag-headlines","13":"tag-huvudnyheter","14":"tag-latest-news","15":"tag-latestnews","16":"tag-location-goteborg","17":"tag-location-malmo","18":"tag-location-orebro","19":"tag-main-news","20":"tag-mainnews","21":"tag-news","22":"tag-nyheter","23":"tag-rubriker","24":"tag-se","25":"tag-sections-sverige","26":"tag-svenska","27":"tag-sverige","28":"tag-sweden","29":"tag-swedish","30":"tag-top-stories","31":"tag-topic-rattegangar-domar","32":"tag-topic-valdsbrott-mord","33":"tag-topstories"},"share_on_mastodon":{"url":"","error":""},"_links":{"self":[{"href":"https:\/\/www.europesays.com\/se\/wp-json\/wp\/v2\/posts\/55695","targetHints":{"allow":["GET"]}}],"collection":[{"href":"https:\/\/www.europesays.com\/se\/wp-json\/wp\/v2\/posts"}],"about":[{"href":"https:\/\/www.europesays.com\/se\/wp-json\/wp\/v2\/types\/post"}],"author":[{"embeddable":true,"href":"https:\/\/www.europesays.com\/se\/wp-json\/wp\/v2\/users\/2"}],"replies":[{"embeddable":true,"href":"https:\/\/www.europesays.com\/se\/wp-json\/wp\/v2\/comments?post=55695"}],"version-history":[{"count":0,"href":"https:\/\/www.europesays.com\/se\/wp-json\/wp\/v2\/posts\/55695\/revisions"}],"wp:featuredmedia":[{"embeddable":true,"href":"https:\/\/www.europesays.com\/se\/wp-json\/wp\/v2\/media\/55696"}],"wp:attachment":[{"href":"https:\/\/www.europesays.com\/se\/wp-json\/wp\/v2\/media?parent=55695"}],"wp:term":[{"taxonomy":"category","embeddable":true,"href":"https:\/\/www.europesays.com\/se\/wp-json\/wp\/v2\/categories?post=55695"},{"taxonomy":"post_tag","embeddable":true,"href":"https:\/\/www.europesays.com\/se\/wp-json\/wp\/v2\/tags?post=55695"}],"curies":[{"name":"wp","href":"https:\/\/api.w.org\/{rel}","templated":true}]}}