{"id":55727,"date":"2025-10-14T19:40:08","date_gmt":"2025-10-14T19:40:08","guid":{"rendered":"https:\/\/www.europesays.com\/se\/55727\/"},"modified":"2025-10-14T19:40:08","modified_gmt":"2025-10-14T19:40:08","slug":"motorola-lanserar-ultratunna-moto-x70-air","status":"publish","type":"post","link":"https:\/\/www.europesays.com\/se\/55727\/","title":{"rendered":"Motorola lanserar ultratunna Moto X70 Air"},"content":{"rendered":"<p class=\"kicker t20 font-Raleway\" style=\"\">Ny mobil med ben\u00e4mningen Air<\/p>\n<p>    Motorola har presenterat Moto X70 Air en ovanligt tunn och l\u00e4tt mobil med kraftfullt batteri, h\u00f6guppl\u00f6st oled-sk\u00e4rm och dubbla 50 MP-kameror.<\/p>\n<p>Motorola har lanserat Moto X70 Air, en mobiltelefon som kombinerar tunn design med kraftfull prestanda. Telefonen \u00e4r endast 5,99 millimeter tjock och v\u00e4ger 159 gram, vilket g\u00f6r den till en av de tunnaste i sin klass. Trots det kompakta formatet har den ett batteri p\u00e5 hela 4800 mAh, med st\u00f6d f\u00f6r 68W snabbladdning och 15W tr\u00e5dl\u00f6s laddning.\u00a0<\/p>\n<p>Sk\u00e4rmen \u00e4r en 6,7-tums OLED-panel med 120 Hz uppdateringsfrekvens och en uppl\u00f6sning p\u00e5 1220p+. Den har en maximal ljusstyrka p\u00e5 4500 nits och en 50 megapixels frontkamera integrerad i ett h\u00e5l i sk\u00e4rmen. Under sk\u00e4rmen finns \u00e4ven en fingeravtrycksl\u00e4sare. Telefonens ram \u00e4r tillverkad i f\u00f6rst\u00e4rkt metall och har skyddsklassning IP68 och IP69, vilket inneb\u00e4r att den t\u00e5l b\u00e5de neds\u00e4nkning i vatten och h\u00f6gt tryck fr\u00e5n varma vattenstr\u00e5lar.\u00a0<\/p>\n<p>P\u00e5 baksidan finns tv\u00e5 kameror: en 50 MP huvudkamera med Samsung-sensor och en 50 MP ultravidvinkelkamera med 120 graders synf\u00e4lt. Moto X70 Air drivs av Snapdragon 7 Gen 4 och har en avancerad kylning med 3D-vapor chamber. Den s\u00e4ljs med 12 GB LPDDR5X RAM och lagringsalternativ p\u00e5 256 eller 512 GB UFS 3.1.\u00a0<\/p>\n<p>Telefonen \u00e4r tillg\u00e4nglig i f\u00e4rgerna Gadget Gray, Lily Pad och Bronze Green, d\u00e4r varje variant har matchande f\u00e4rgdetaljer runt kamerorna och str\u00f6mknappen. P\u00e5 Lenovos kinesiska webbplats listas modellen\u00a0med 12 GB RAM och 256 GB lagring \u00e4r redan synlig. Priset har \u00e4nnu inte offentliggjorts, men en global lansering v\u00e4ntas inom kort. Internationellt kan modellen komma att s\u00e4ljas under namnet Motorola Edge 70.\u00a0<\/p>\n","protected":false},"excerpt":{"rendered":"Ny mobil med ben\u00e4mningen Air Motorola har presenterat Moto X70 Air en ovanligt tunn och l\u00e4tt mobil med&hellip;\n","protected":false},"author":2,"featured_media":55728,"comment_status":"","ping_status":"","sticky":false,"template":"","format":"standard","meta":{"footnotes":""},"categories":[66],"tags":[80,78,79,34,31,33,32,30,81,84,83,82],"class_list":{"0":"post-55727","1":"post","2":"type-post","3":"status-publish","4":"format-standard","5":"has-post-thumbnail","7":"category-vetenskap-och-teknik","8":"tag-science","9":"tag-science-and-technology","10":"tag-scienceandtechnology","11":"tag-se","12":"tag-svenska","13":"tag-sverige","14":"tag-sweden","15":"tag-swedish","16":"tag-technology","17":"tag-teknik","18":"tag-vetenskap","19":"tag-vetenskapteknik"},"share_on_mastodon":{"url":"","error":""},"_links":{"self":[{"href":"https:\/\/www.europesays.com\/se\/wp-json\/wp\/v2\/posts\/55727","targetHints":{"allow":["GET"]}}],"collection":[{"href":"https:\/\/www.europesays.com\/se\/wp-json\/wp\/v2\/posts"}],"about":[{"href":"https:\/\/www.europesays.com\/se\/wp-json\/wp\/v2\/types\/post"}],"author":[{"embeddable":true,"href":"https:\/\/www.europesays.com\/se\/wp-json\/wp\/v2\/users\/2"}],"replies":[{"embeddable":true,"href":"https:\/\/www.europesays.com\/se\/wp-json\/wp\/v2\/comments?post=55727"}],"version-history":[{"count":0,"href":"https:\/\/www.europesays.com\/se\/wp-json\/wp\/v2\/posts\/55727\/revisions"}],"wp:featuredmedia":[{"embeddable":true,"href":"https:\/\/www.europesays.com\/se\/wp-json\/wp\/v2\/media\/55728"}],"wp:attachment":[{"href":"https:\/\/www.europesays.com\/se\/wp-json\/wp\/v2\/media?parent=55727"}],"wp:term":[{"taxonomy":"category","embeddable":true,"href":"https:\/\/www.europesays.com\/se\/wp-json\/wp\/v2\/categories?post=55727"},{"taxonomy":"post_tag","embeddable":true,"href":"https:\/\/www.europesays.com\/se\/wp-json\/wp\/v2\/tags?post=55727"}],"curies":[{"name":"wp","href":"https:\/\/api.w.org\/{rel}","templated":true}]}}