{"id":55749,"date":"2025-10-14T20:22:10","date_gmt":"2025-10-14T20:22:10","guid":{"rendered":"https:\/\/www.europesays.com\/se\/55749\/"},"modified":"2025-10-14T20:22:10","modified_gmt":"2025-10-14T20:22:10","slug":"ukrainska-soldaten-caspar-satter-putins-olja-i-brand","status":"publish","type":"post","link":"https:\/\/www.europesays.com\/se\/55749\/","title":{"rendered":"Ukrainska soldaten \u201dCaspar\u201d s\u00e4tter Putins olja i brand"},"content":{"rendered":"<p>Varje dr\u00f6nare b\u00e4r en spr\u00e4ngladdning p\u00e5 50 kilo n\u00e4r den startar i natten.<\/p>\n<p>\u2013 I morgon kommer du att f\u00e5 l\u00e4sa om att \u00e4nnu ett oljeraffinaderi st\u00e5r i brand, s\u00e4ger bef\u00e4lhavaren \u201dCasper\u201d.<\/p>\n<p>Han har r\u00e4tt.<\/p>\n<p>New York Times har tr\u00e4ffat de ukrainska soldaterna som f\u00f6rst\u00f6r Vladimir Putins oljeraffinaderier.<\/p>\n<p>En oljedep\u00e5 i Rostovregionen i Ryssland tr\u00e4ffas av ukrainska dr\u00f6nare 10 oktober.<img loading=\"lazy\"   alt=\"\"\/><\/p>\n<p>\u201dCaspar\u201d leder ett f\u00f6rband som skickar l\u00e5ngflygande dr\u00f6nare mot ryska raffinaderier.<\/p>\n<p>Foto: NY TIMES \/ TT NYHETSBYR\u00c5N<\/p>\n<p>\u00d6ppna bild i helsk\u00e4rm<img loading=\"lazy\"   alt=\"\"\/><\/p>\n<p>Ett ryskt oljeraffinaderi efter en ukrainsk dr\u00f6narattack.<\/p>\n<p>Foto: Telegram<\/p>\n<p>\u00d6ppna bild i helsk\u00e4rm<img loading=\"lazy\"   alt=\"\"\/>\u00d6ppna bild i helsk\u00e4rm<\/p>\n<p>Det \u00e4r mitt i natten p\u00e5 ett f\u00e4lt n\u00e5gonstans i <a href=\"https:\/\/www.expressen.se\/tagg\/location\/ukraina\/\" class=\"\" rel=\"nofollow noopener\" target=\"_blank\">Ukraina<\/a>. New York Times f\u00e5r inte ber\u00e4tta ens i vilken region de tr\u00e4ffat medlemmarna i 14:e regementet.<\/p>\n<p>Soldaterna kan sitt jobb. Sedan i augusti har deras dr\u00f6nare tr\u00e4ffat 17 olika sajter runtom i Ryssland, de flesta oljeraffinaderier d\u00e4r olja f\u00f6rvandlas till bensin och diesel.<\/p>\n<p>Hemlighetsmakeriet \u00e4r en n\u00f6dv\u00e4ndighet.<\/p>\n<p>\u2013 Ryssland jagar oss, s\u00e4ger bef\u00e4lhavaren med kodordet \u201dCasper\u201d till New York Times.<\/p>\n<p>D\u00e4rf\u00f6r byter de position hela tiden. D\u00e4rf\u00f6r verkar de i natten, f\u00f6rsedda med utrustning f\u00f6r m\u00f6rkerseende.<\/p>\n<p>De har skotts\u00e4kra v\u00e4star och hj\u00e4lmar p\u00e5 sig hela tiden. Under den natt New York Times f\u00f6ljer med s\u00e5 kommer pl\u00f6tsligt larm om att en rysk missil \u00e4r p\u00e5 v\u00e4g.<\/p>\n<p><img loading=\"lazy\"   alt=\"\"\/><\/p>\n<p>Ukrainska soldater \u00e5terv\u00e4nder upp ur skyddet f\u00f6r att avfyra sin dr\u00f6nare efter ett falskt larm om en inkommande rysk missil.<\/p>\n<p>Foto: NY TIMES \/ TT NYHETSBYR\u00c5N<\/p>\n<p>\u00d6ppna bild i helsk\u00e4rm<\/p>\n<p>Soldaterna sl\u00e4pper allt de har f\u00f6r handen och s\u00f6ker skydd i ett skyttev\u00e4rn. Men det visar sig vara ett falskt larm denna g\u00e5ng.<\/p>\n<p>\u2013 De dj\u00e4vlarna, muttrar en soldat innan han \u00e5terv\u00e4nder till sitt arbete.<\/p>\n<p>Dr\u00f6narna de anv\u00e4nder \u00e4r tillverkade i Ukraina. De har en sp\u00e4nnvidd p\u00e5 cirka \u00e5tta meter och b\u00e4r en spr\u00e4ngladdning p\u00e5 50 kilo.<\/p>\n<p>N\u00e4r larmet \u00e4r \u00f6ver startar en av soldaterna propellermotorn och dr\u00f6naren accelererar upp till cirka 100 kilometer i timmen innan den lyfter mot natthimlen.<\/p>\n<p>Dr\u00f6narpiloten ropar ut h\u00f6jden: \u201d10&#8230;15&#8230;30 meter\u201d. Sedan sl\u00e5r han p\u00e5 autopiloten och dr\u00f6naren flyger f\u00f6r egen maskin mot sitt m\u00e5l n\u00e5gonstans i Ryssland.<\/p>\n<p><img loading=\"lazy\"   alt=\"\"\/><\/p>\n<p>Ukrainska soldater med sin dr\u00f6nare. Den har r\u00e4ckvidd nog f\u00f6r att n\u00e5 m\u00e5l l\u00e5ngt inne i Ryssland.<\/p>\n<p>Foto: NY TIMES \/ TT NYHETSBYR\u00c5N<\/p>\n<p>\u00d6ppna bild i helsk\u00e4rm<\/p>\n<p>Ibland \u00e4r m\u00e5ltavlorna riktigt l\u00e5ngt bort. Ukraina har den senaste veckan flera g\u00e5nger angripit m\u00e5l i Basjkortostan, cirka 1 400 kilometer fr\u00e5n gr\u00e4nsen till Ukraina.<\/p>\n<p>\u201dCasper\u201d \u00e4r veteran och har gjort detta sedan invasions\u00e5ret 2022. Det var ocks\u00e5 d\u00e5 han s\u00e4nde i v\u00e4g sin f\u00f6rsta dr\u00f6nare utrustad med en spr\u00e4ngladdning mot fienden.<\/p>\n<p>Den kunde flyga cirka 100 kilometer, ett l\u00e5ngt avst\u00e5nd p\u00e5 den tiden.\u00a0<\/p>\n<p>\u2013 Jag f\u00f6rstod redan d\u00e5 att detta \u00e4r framtiden, s\u00e4ger \u201dCasper\u201d.<\/p>\n<p>Ukraina har trappat upp attackerna mot ryska oljeanl\u00e4ggningar sedan i somras. Och de har haft effekt.<\/p>\n<p>Cirka 20 procent av Rysslands f\u00f6rm\u00e5ga att raffinera olja tros ha slagits ut. Ryssland har inte fokuserat sitt luftf\u00f6rsvar kring den h\u00e4r typen av anl\u00e4ggningar och n\u00e4r kriget b\u00f6rjade troddes inte Ukraina ha kapaciteten att angripa dem.<\/p>\n<p>\u201dEffektiva attacker\u201d<\/p>\n<p>Vladislav Inozemtsev vid tankesmedjan Center for Analysis and Strategies in Europe, s\u00e4ger till New York Times att Ukrainas attacker verkligen har haft effekt.<\/p>\n<p>Annons<\/p>\n<p>\u2013 N\u00e4r en milit\u00e4rfabrik tr\u00e4ffas s\u00e5 kan de repareras p\u00e5 tio dagar. Men n\u00e4r ett oljeraffinaderi tr\u00e4ffas s\u00e5 brinner det fortfarande efter tio dagar.<\/p>\n<p>Den ryska allm\u00e4nheten b\u00f6rjar m\u00e4rka av resultatet. Ryssland inf\u00f6rde f\u00f6rbud p\u00e5 export av bensin och diesel redan i somras.<\/p>\n<p><img loading=\"lazy\"   alt=\"\"\/><\/p>\n<p>Ryska bilister k\u00f6ar f\u00f6r bensin i Vladivostok.<\/p>\n<p>Foto: Vitaliy Ankov \/ IMAGO\/IBL<\/p>\n<p>\u00d6ppna bild i helsk\u00e4rm<\/p>\n<p>Priset p\u00e5 bensin har \u00f6kat med 40 procent i \u00e5r och p\u00e5 sina h\u00e5ll har ransonering inf\u00f6rts om nu inte bensinen helt tagit slut. N\u00e5got som bland annat skett p\u00e5 Krim-halv\u00f6n.<\/p>\n<p>Ukraina b\u00f6rjade redan i mars 2024 angripa ryska oljeraffinaderier men avbr\u00f6t dem efter p\u00e5tryckningar fr\u00e5n Biden-administrationen i Washington.<\/p>\n<p>Men Joe Bidens eftertr\u00e4dare som president, Donald Trump, uppmuntrar i st\u00e4llet till dem och verkar se dem som ett p\u00e5tryckningsmedel f\u00f6r att f\u00e5 Putin till f\u00f6rhandlingsbordet.<\/p>\n<p>Enligt Financial Times s\u00e5 f\u00e5r Ukraina sedan i somras underr\u00e4ttelseinformation fr\u00e5n USA. Amerikanerna hj\u00e4lper Kiev att hitta m\u00e5ltavlor, ger dem information om ryskt luftv\u00e4rn, etcetera.<\/p>\n<p>Amerikanska missiler<\/p>\n<p>Trump \u00f6verv\u00e4ger ocks\u00e5 att f\u00f6rse Ukraina med amerikanska kryssningsmissiler av typen Tomahawk, \u00e4ven de med r\u00e4ckvidd att n\u00e5 stora delar av Ryssland.<\/p>\n<p>Ukraina har dock \u00e4ven skaffat sig st\u00f6rre oberoende att agera genom att utveckla egna kryssningsrobotar och l\u00e5ngflygande dr\u00f6nare som Liutyj, den modell \u201dCaspars\u201d f\u00f6rband anv\u00e4nder sig av.<\/p>\n<p>F\u00f6rbandet har ocks\u00e5 vuxit rej\u00e4lt. Fr\u00e5n b\u00f6rjan var de bara 40 soldater med tio fordon. I dag \u00e4r de ett regemente \u2013 ett f\u00f6rband som i Ukraina i regel har cirka 2 000 soldater.<\/p>\n<p>N\u00e5gra problem med att rekrytera nya soldater har de inte. Det \u00e4r popul\u00e4rt att s\u00f6ka sig hit. Men pengar \u00e4r ett problem.<\/p>\n<p>\u2013 Om vi hade miljarder mer dollar s\u00e5 skulle detta krig snabbt kunna f\u00e5 ett slut, p\u00e5st\u00e5r \u201dCasper\u201d.<\/p>\n<p>Han ber\u00e4ttar aldrig vad nattens m\u00e5ltala varit. Uppmanar bara New York Times team att f\u00f6lja nyheter morgonen efter.<\/p>\n<p>N\u00e5gra timmar senare b\u00f6rjar det komma rapporter p\u00e5 den sociala mediesajten Telegram. En video p\u00e5 ett brinnande raffinaderi i Saratov, vid floden Volga.<\/p>\n<p>\u2013 De har definitivt f\u00f6rst\u00f6rt n\u00e5got d\u00e4r, s\u00e4ger en rysk r\u00f6st p\u00e5 videon.<\/p>\n<p>\u2013 Det \u00e4r riktigt illa.<\/p>\n<p><img alt=\"\"\/>Ljudklippet gick inte att spela upp<\/p>\n<p>F\u00f6rs\u00f6k igen senare<\/p>\n","protected":false},"excerpt":{"rendered":"Varje dr\u00f6nare b\u00e4r en spr\u00e4ngladdning p\u00e5 50 kilo n\u00e4r den startar i natten. \u2013 I morgon kommer du&hellip;\n","protected":false},"author":2,"featured_media":55750,"comment_status":"","ping_status":"","sticky":false,"template":"","format":"standard","meta":{"footnotes":""},"categories":[14],"tags":[22,23,26,27,17,21,24,25,274,202,28,29,15,276,16,203,18,34,55,31,33,32,30,19,60,20,51,52,53,54],"class_list":{"0":"post-55749","1":"post","2":"type-post","3":"status-publish","4":"format-standard","5":"has-post-thumbnail","7":"category-varlden","8":"tag-breaking-news","9":"tag-breakingnews","10":"tag-featured-news","11":"tag-featurednews","12":"tag-headlines","13":"tag-huvudnyheter","14":"tag-latest-news","15":"tag-latestnews","16":"tag-location-ryssland","17":"tag-location-ukraina","18":"tag-main-news","19":"tag-mainnews","20":"tag-news","21":"tag-newsstory-kriget-i-ukraina","22":"tag-nyheter","23":"tag-person-vladimir-putin","24":"tag-rubriker","25":"tag-se","26":"tag-sections-varlden","27":"tag-svenska","28":"tag-sverige","29":"tag-sweden","30":"tag-swedish","31":"tag-top-stories","32":"tag-topic-krig-konflikt","33":"tag-topstories","34":"tag-varlden","35":"tag-world","36":"tag-world-news","37":"tag-worldnews"},"share_on_mastodon":{"url":"","error":""},"_links":{"self":[{"href":"https:\/\/www.europesays.com\/se\/wp-json\/wp\/v2\/posts\/55749","targetHints":{"allow":["GET"]}}],"collection":[{"href":"https:\/\/www.europesays.com\/se\/wp-json\/wp\/v2\/posts"}],"about":[{"href":"https:\/\/www.europesays.com\/se\/wp-json\/wp\/v2\/types\/post"}],"author":[{"embeddable":true,"href":"https:\/\/www.europesays.com\/se\/wp-json\/wp\/v2\/users\/2"}],"replies":[{"embeddable":true,"href":"https:\/\/www.europesays.com\/se\/wp-json\/wp\/v2\/comments?post=55749"}],"version-history":[{"count":0,"href":"https:\/\/www.europesays.com\/se\/wp-json\/wp\/v2\/posts\/55749\/revisions"}],"wp:featuredmedia":[{"embeddable":true,"href":"https:\/\/www.europesays.com\/se\/wp-json\/wp\/v2\/media\/55750"}],"wp:attachment":[{"href":"https:\/\/www.europesays.com\/se\/wp-json\/wp\/v2\/media?parent=55749"}],"wp:term":[{"taxonomy":"category","embeddable":true,"href":"https:\/\/www.europesays.com\/se\/wp-json\/wp\/v2\/categories?post=55749"},{"taxonomy":"post_tag","embeddable":true,"href":"https:\/\/www.europesays.com\/se\/wp-json\/wp\/v2\/tags?post=55749"}],"curies":[{"name":"wp","href":"https:\/\/api.w.org\/{rel}","templated":true}]}}