{"id":55767,"date":"2025-10-14T20:56:07","date_gmt":"2025-10-14T20:56:07","guid":{"rendered":"https:\/\/www.europesays.com\/se\/55767\/"},"modified":"2025-10-14T20:56:07","modified_gmt":"2025-10-14T20:56:07","slug":"person-hittad-dod-i-nassjo-tva-har-anhallits","status":"publish","type":"post","link":"https:\/\/www.europesays.com\/se\/55767\/","title":{"rendered":"Person hittad d\u00f6d i N\u00e4ssj\u00f6 \u2013 tv\u00e5 har anh\u00e5llits"},"content":{"rendered":"<p>En person hittades d\u00f6d i N\u00e4ssj\u00f6 kommun p\u00e5 tisdagen. Tv\u00e5 personer har anh\u00e5llits p\u00e5 sannolika sk\u00e4l misst\u00e4nkta f\u00f6r v\u00e5llande till annans d\u00f6d, skriver Aftonbladet. Inga ytterligare detaljer ges.<\/p>\n<p>\u2013 Vi kan inte s\u00e4ga s\u00e5 mycket i nul\u00e4get med anledning av f\u00f6runders\u00f6kningssekretess, s\u00e4ger polisens presstalesperson Jennifer Last.<\/p>\n<p>Anh\u00f6riga \u00e4r underr\u00e4ttade.<\/p>\n<p>Omni \u00e4r politiskt obundna och oberoende. Vi str\u00e4var efter att ge fler perspektiv p\u00e5 nyheterna. Har du fr\u00e5gor eller synpunkter kring v\u00e5r rapportering? <a href=\"https:\/\/omni.se\/person-hittad-dod-i-nassjo-tva-har-anhallits\/a\/mailto:redaktion@omni.se\" class=\"ArticleActions_contactLink__W2F1M\" rel=\"nofollow noopener\" target=\"_blank\">Kontakta redaktionen<\/a><\/p>\n","protected":false},"excerpt":{"rendered":"En person hittades d\u00f6d i N\u00e4ssj\u00f6 kommun p\u00e5 tisdagen. Tv\u00e5 personer har anh\u00e5llits p\u00e5 sannolika sk\u00e4l misst\u00e4nkta f\u00f6r&hellip;\n","protected":false},"author":2,"featured_media":55768,"comment_status":"","ping_status":"","sticky":false,"template":"","format":"standard","meta":{"footnotes":""},"categories":[5],"tags":[22,23,128,26,27,17,21,560,24,25,28,29,5360,15,16,18,34,31,33,32,30,19,20],"class_list":{"0":"post-55767","1":"post","2":"type-post","3":"status-publish","4":"format-standard","5":"has-post-thumbnail","7":"category-rubriker","8":"tag-breaking-news","9":"tag-breakingnews","10":"tag-brott","11":"tag-featured-news","12":"tag-featurednews","13":"tag-headlines","14":"tag-huvudnyheter","15":"tag-jonkopings-lan","16":"tag-latest-news","17":"tag-latestnews","18":"tag-main-news","19":"tag-mainnews","20":"tag-nassjo","21":"tag-news","22":"tag-nyheter","23":"tag-rubriker","24":"tag-se","25":"tag-svenska","26":"tag-sverige","27":"tag-sweden","28":"tag-swedish","29":"tag-top-stories","30":"tag-topstories"},"share_on_mastodon":{"url":"","error":""},"_links":{"self":[{"href":"https:\/\/www.europesays.com\/se\/wp-json\/wp\/v2\/posts\/55767","targetHints":{"allow":["GET"]}}],"collection":[{"href":"https:\/\/www.europesays.com\/se\/wp-json\/wp\/v2\/posts"}],"about":[{"href":"https:\/\/www.europesays.com\/se\/wp-json\/wp\/v2\/types\/post"}],"author":[{"embeddable":true,"href":"https:\/\/www.europesays.com\/se\/wp-json\/wp\/v2\/users\/2"}],"replies":[{"embeddable":true,"href":"https:\/\/www.europesays.com\/se\/wp-json\/wp\/v2\/comments?post=55767"}],"version-history":[{"count":0,"href":"https:\/\/www.europesays.com\/se\/wp-json\/wp\/v2\/posts\/55767\/revisions"}],"wp:featuredmedia":[{"embeddable":true,"href":"https:\/\/www.europesays.com\/se\/wp-json\/wp\/v2\/media\/55768"}],"wp:attachment":[{"href":"https:\/\/www.europesays.com\/se\/wp-json\/wp\/v2\/media?parent=55767"}],"wp:term":[{"taxonomy":"category","embeddable":true,"href":"https:\/\/www.europesays.com\/se\/wp-json\/wp\/v2\/categories?post=55767"},{"taxonomy":"post_tag","embeddable":true,"href":"https:\/\/www.europesays.com\/se\/wp-json\/wp\/v2\/tags?post=55767"}],"curies":[{"name":"wp","href":"https:\/\/api.w.org\/{rel}","templated":true}]}}