{"id":55771,"date":"2025-10-14T21:12:07","date_gmt":"2025-10-14T21:12:07","guid":{"rendered":"https:\/\/www.europesays.com\/se\/55771\/"},"modified":"2025-10-14T21:12:07","modified_gmt":"2025-10-14T21:12:07","slug":"syriens-ledare-traffar-putin-vill-atervanda-med-assad","status":"publish","type":"post","link":"https:\/\/www.europesays.com\/se\/55771\/","title":{"rendered":"Syriens ledare tr\u00e4ffar Putin \u2013 vill \u00e5terv\u00e4nda med Assad"},"content":{"rendered":"<p>Syriens interimspresident Ahmed al-Sharaa reser i morgon till Moskva d\u00e4r ett m\u00f6te med president Vladimir Putin v\u00e4ntar, rapporterar Reuters. <\/p>\n<p>Syftet med resan tros vara att f\u00e5 Syriens tidigare diktator Bashar al-Assad utl\u00e4mnad. al-Assad flydde till Ryssland i december f\u00f6rra \u00e5ret och d\u00e4rmed fullbordades revolutionen i Syrien.<\/p>\n<p>Ahmed al-Sharaa och Kreml har sedan st\u00f6rtningen av al-Assad f\u00f6rs\u00f6kt uppr\u00e4tth\u00e5lla fredliga relationer. <\/p>\n<p>Omni \u00e4r politiskt obundna och oberoende. Vi str\u00e4var efter att ge fler perspektiv p\u00e5 nyheterna. Har du fr\u00e5gor eller synpunkter kring v\u00e5r rapportering? <a href=\"https:\/\/omni.se\/syriens-ledare-traffar-putin-vill-atervanda-med-assad\/a\/mailto:redaktion@omni.se\" class=\"ArticleActions_contactLink__W2F1M\" rel=\"nofollow noopener\" target=\"_blank\">Kontakta redaktionen<\/a><\/p>\n","protected":false},"excerpt":{"rendered":"Syriens interimspresident Ahmed al-Sharaa reser i morgon till Moskva d\u00e4r ett m\u00f6te med president Vladimir Putin v\u00e4ntar, rapporterar&hellip;\n","protected":false},"author":2,"featured_media":55772,"comment_status":"","ping_status":"","sticky":false,"template":"","format":"standard","meta":{"footnotes":""},"categories":[5],"tags":[5361,4250,22,23,267,26,27,17,21,24,25,28,29,124,15,16,18,264,34,31,33,32,30,4251,4252,19,20,261],"class_list":{"0":"post-55771","1":"post","2":"type-post","3":"status-publish","4":"format-standard","5":"has-post-thumbnail","7":"category-rubriker","8":"tag-ahmed-al-sharaa","9":"tag-bashar-al-assad","10":"tag-breaking-news","11":"tag-breakingnews","12":"tag-europa","13":"tag-featured-news","14":"tag-featurednews","15":"tag-headlines","16":"tag-huvudnyheter","17":"tag-latest-news","18":"tag-latestnews","19":"tag-main-news","20":"tag-mainnews","21":"tag-mellanostern","22":"tag-news","23":"tag-nyheter","24":"tag-rubriker","25":"tag-ryssland","26":"tag-se","27":"tag-svenska","28":"tag-sverige","29":"tag-sweden","30":"tag-swedish","31":"tag-syrien","32":"tag-syrienkriget","33":"tag-top-stories","34":"tag-topstories","35":"tag-vladimir-putin"},"share_on_mastodon":{"url":"","error":""},"_links":{"self":[{"href":"https:\/\/www.europesays.com\/se\/wp-json\/wp\/v2\/posts\/55771","targetHints":{"allow":["GET"]}}],"collection":[{"href":"https:\/\/www.europesays.com\/se\/wp-json\/wp\/v2\/posts"}],"about":[{"href":"https:\/\/www.europesays.com\/se\/wp-json\/wp\/v2\/types\/post"}],"author":[{"embeddable":true,"href":"https:\/\/www.europesays.com\/se\/wp-json\/wp\/v2\/users\/2"}],"replies":[{"embeddable":true,"href":"https:\/\/www.europesays.com\/se\/wp-json\/wp\/v2\/comments?post=55771"}],"version-history":[{"count":0,"href":"https:\/\/www.europesays.com\/se\/wp-json\/wp\/v2\/posts\/55771\/revisions"}],"wp:featuredmedia":[{"embeddable":true,"href":"https:\/\/www.europesays.com\/se\/wp-json\/wp\/v2\/media\/55772"}],"wp:attachment":[{"href":"https:\/\/www.europesays.com\/se\/wp-json\/wp\/v2\/media?parent=55771"}],"wp:term":[{"taxonomy":"category","embeddable":true,"href":"https:\/\/www.europesays.com\/se\/wp-json\/wp\/v2\/categories?post=55771"},{"taxonomy":"post_tag","embeddable":true,"href":"https:\/\/www.europesays.com\/se\/wp-json\/wp\/v2\/tags?post=55771"}],"curies":[{"name":"wp","href":"https:\/\/api.w.org\/{rel}","templated":true}]}}