{"id":55777,"date":"2025-10-14T21:28:11","date_gmt":"2025-10-14T21:28:11","guid":{"rendered":"https:\/\/www.europesays.com\/se\/55777\/"},"modified":"2025-10-14T21:28:11","modified_gmt":"2025-10-14T21:28:11","slug":"nytt-chl-fiasko-for-brynas-vilade-stjarnorna-igen","status":"publish","type":"post","link":"https:\/\/www.europesays.com\/se\/55777\/","title":{"rendered":"Nytt CHL-fiasko f\u00f6r Bryn\u00e4s \u2013 vilade stj\u00e4rnorna igen"},"content":{"rendered":"<p><strong><a href=\"https:\/\/hockeysverige.se\/klubb\/brynas-if\" rel=\"nofollow noopener\" target=\"_blank\">Bryn\u00e4s<\/a> vilade stj\u00e4rnorna igen i <a href=\"https:\/\/hockeysverige.se\/champions-hockey-league\" rel=\"nofollow noopener\" target=\"_blank\">CHL<\/a> och skickade elva juniorer till Nordirland. <br \/>D\u00e5 f\u00f6rlorade Bryn\u00e4s mot jumbon Belfast Giants som skr\u00e4llde rej\u00e4lt och vann med 2-1. <\/strong><\/p>\n<p><img loading=\"lazy\" decoding=\"async\" width=\"1024\" height=\"658\" src=\"https:\/\/www.europesays.com\/se\/wp-content\/uploads\/2025\/10\/Gallstedt-Brynas-depp-1024x658.webp.webp\" alt=\"Bryn\u00e4s CHL.\" class=\"wp-image-313823\"  \/>Bryn\u00e4s f\u00f6rlorar igen i CHL efter att ha vilat sina toppspelare. <strong>Foto: <\/strong>Bildbyr\u00e5n (Montage)<\/p>\n<p>Precis som f\u00f6rra veckan valde Bryn\u00e4s att skicka ett f\u00f6rsvagat lag i CHL. Spelare som <a href=\"https:\/\/hockeysverige.se\/spelare\/nicklas-backstrom\" rel=\"nofollow noopener\" target=\"_blank\">Nicklas B\u00e4ckstr\u00f6m<\/a>, <a href=\"https:\/\/hockeysverige.se\/spelare\/jakob-silfverberg\" rel=\"nofollow noopener\" target=\"_blank\">Jakob Silfverberg<\/a>, <a href=\"https:\/\/hockeysverige.se\/spelare\/johan-larsson\" rel=\"nofollow noopener\" target=\"_blank\">Johan Larsson<\/a>, <a href=\"https:\/\/hockeysverige.se\/spelare\/oskar-lindblom\" rel=\"nofollow noopener\" target=\"_blank\">Oskar Lindblom<\/a>, <a href=\"https:\/\/hockeysverige.se\/spelare\/robert-hagg\" rel=\"nofollow noopener\" target=\"_blank\">Robert H\u00e4gg<\/a>, <a href=\"https:\/\/hockeysverige.se\/spelare\/christian-djoos\" rel=\"nofollow noopener\" target=\"_blank\">Christian Djoos<\/a>, Michal Kempn\u00fd och <a href=\"https:\/\/hockeysverige.se\/spelare\/damian-clara\" rel=\"nofollow noopener\" target=\"_blank\">Damian Clara<\/a> hade alla l\u00e4mnats hemma. I st\u00e4llet tog Bryn\u00e4s ut en trupp som inneh\u00f6ll hela elva juniorer. Oscar Westman, <a href=\"https:\/\/hockeysverige.se\/spelare\/aron-dahlqvist\" rel=\"nofollow noopener\" target=\"_blank\">Aron Dahlqvist<\/a>, Victor Hedin Raftheim, Sigge Holmgren, <a href=\"https:\/\/hockeysverige.se\/spelare\/lucas-pettersson\" rel=\"nofollow noopener\" target=\"_blank\">Lucas Pettersson<\/a>, <a href=\"https:\/\/hockeysverige.se\/spelare\/michal-svrcek\" rel=\"nofollow noopener\" target=\"_blank\">Michal Svrcek<\/a>, <a href=\"https:\/\/hockeysverige.se\/spelare\/gustav-hillstrom\" rel=\"nofollow noopener\" target=\"_blank\">Gustav Hillstr\u00f6m<\/a>, <a href=\"https:\/\/hockeysverige.se\/spelare\/leo-sundqvist\" rel=\"nofollow noopener\" target=\"_blank\">Leo Sundqvist<\/a>, Alieu Moldal Bah, Theo \u00d6stberg och Hugo \u00d6stberg var alla med i laguppst\u00e4llningen. Gl\u00e4djande f\u00f6r G\u00e4vle-laget var dock att b\u00e5de Linus \u00d6lund och <a href=\"https:\/\/hockeysverige.se\/spelare\/jack-kopacka\" rel=\"nofollow noopener\" target=\"_blank\">Jack Kopacka<\/a> var tillbaka fr\u00e5n skada. <\/p>\n<p>F\u00f6rra veckan f\u00f6rlorade Bryn\u00e4s hemma mot norska Storhamar och i kv\u00e4ll hade de rest till Nordirland f\u00f6r att m\u00f6ta Belfast Giants. Belfast har varit det s\u00e4msta laget i Champions Hockey League under s\u00e4songen med bara en po\u00e4ng p\u00e5 fem matcher inf\u00f6r veckans sista omg\u00e5ng. <\/p>\n<p>I kv\u00e4ll det var det d\u00e4remot Belfast Giant som tog kommandot tidigt i matchen. De fick in en ledningspuck bakom Bryn\u00e4sm\u00e5lvakten Collin Delia, men m\u00e5let d\u00f6mdes bort efter videogranskning d\u00e5 en Belfast-spelare stod och st\u00f6rde Delia. 1-0 skulle dock \u00e4nd\u00e5 komma. Den svenske veteranen och allsvenske legendaren <a href=\"https:\/\/hockeysverige.se\/spelare\/marcus-eriksson\" rel=\"nofollow noopener\" target=\"_blank\">Marcus Eriksson<\/a> spelar numera i Belfast Giants och spelade in pucken till en lagkamrat som styrde in pucken bakom Delia f\u00f6r 1-0 till CHL-slagp\u00e5sen Belfast. <\/p>\n<p>Bryn\u00e4s f\u00f6rlorar mot Belfast Giants i CHL<\/p>\n<p>Bryn\u00e4s reste sig i andra perioden och kom tillbaka in i matchen p\u00e5 ett bra s\u00e4tt. Kvitteringen kom genom junioren Lucas Pettersson som sm\u00e4llde in 1-1 i powerplay efter passning av <a href=\"https:\/\/hockeysverige.se\/spelare\/mattias-norlinder\" rel=\"nofollow noopener\" target=\"_blank\">Mattias Norlinder<\/a>. Bryn\u00e4s skapade l\u00e4gen men 1-1 stod sig in i tredje perioden. D\u00e4r kom Belfast Giants ut piggt och \u00e5tertog ledningen tidigt sedan 2-1-m\u00e5let gjordes blott 62 sekunder in i perioden. Hemmalaget var sedan \u00e4ven n\u00e4ra 3-1 men prickade ribban. <\/p>\n<p>Mot slutet av tillst\u00e4llningen lyfte Bryn\u00e4s sitt lag i jakten p\u00e5 en kvittering. Ett powerplay i matchens slutminuter gjorde att Bryn\u00e4s fick chansen att spela sex-mot-fyra efter att ha plockat ut m\u00e5lvakten. De pressade sedan p\u00e5 rej\u00e4lt f\u00f6r att f\u00e5 in ett 2-2-m\u00e5l. Belfast Giants f\u00f6rsvarade sig d\u00e4remot tappert och lyckades ocks\u00e5 h\u00e5lla t\u00e4tt matchen ut. Belfast Giants tar d\u00e4rmed sin f\u00f6rsta, och ocks\u00e5 enda, seger i Champions Hockey League 2025\/26. <\/p>\n<p>Trots f\u00f6rlusten \u00e4r Bryn\u00e4s redan klara f\u00f6r CHL-slutspel sedan tidigare efter att ha plockat nio po\u00e4ng p\u00e5 de sex seriematcherna. <\/p>\n<p><strong>Belfast Giants \u2013 Bryn\u00e4s 2\u20131 (1-0,0-1,1-0)<\/strong><\/p>\n<p><strong>Belfast: <\/strong>Ryan Smith, Nicolas Guay.<br \/><strong>Bryn\u00e4s: <\/strong>Lucas Pettersson. <\/p>\n<p> Source: <a href=\"https:\/\/www.eliteprospects.com\/league\/champions-hl\" target=\"_blank\" rel=\"noopener noreferrer nofollow\">CHAMPIONS-HL League Page<\/a> @ Elite Prospects<\/p>\n","protected":false},"excerpt":{"rendered":"Bryn\u00e4s vilade stj\u00e4rnorna igen i CHL och skickade elva juniorer till Nordirland. D\u00e5 f\u00f6rlorade Bryn\u00e4s mot jumbon Belfast&hellip;\n","protected":false},"author":2,"featured_media":55778,"comment_status":"","ping_status":"","sticky":false,"template":"","format":"standard","meta":{"footnotes":""},"categories":[5],"tags":[22,23,1940,26,27,17,21,24,25,28,29,15,16,18,34,31,33,32,30,19,379,20],"class_list":{"0":"post-55777","1":"post","2":"type-post","3":"status-publish","4":"format-standard","5":"has-post-thumbnail","7":"category-rubriker","8":"tag-breaking-news","9":"tag-breakingnews","10":"tag-champions-hockey-league","11":"tag-featured-news","12":"tag-featurednews","13":"tag-headlines","14":"tag-huvudnyheter","15":"tag-latest-news","16":"tag-latestnews","17":"tag-main-news","18":"tag-mainnews","19":"tag-news","20":"tag-nyheter","21":"tag-rubriker","22":"tag-se","23":"tag-svenska","24":"tag-sverige","25":"tag-sweden","26":"tag-swedish","27":"tag-top-stories","28":"tag-top-article","29":"tag-topstories"},"share_on_mastodon":{"url":"","error":""},"_links":{"self":[{"href":"https:\/\/www.europesays.com\/se\/wp-json\/wp\/v2\/posts\/55777","targetHints":{"allow":["GET"]}}],"collection":[{"href":"https:\/\/www.europesays.com\/se\/wp-json\/wp\/v2\/posts"}],"about":[{"href":"https:\/\/www.europesays.com\/se\/wp-json\/wp\/v2\/types\/post"}],"author":[{"embeddable":true,"href":"https:\/\/www.europesays.com\/se\/wp-json\/wp\/v2\/users\/2"}],"replies":[{"embeddable":true,"href":"https:\/\/www.europesays.com\/se\/wp-json\/wp\/v2\/comments?post=55777"}],"version-history":[{"count":0,"href":"https:\/\/www.europesays.com\/se\/wp-json\/wp\/v2\/posts\/55777\/revisions"}],"wp:featuredmedia":[{"embeddable":true,"href":"https:\/\/www.europesays.com\/se\/wp-json\/wp\/v2\/media\/55778"}],"wp:attachment":[{"href":"https:\/\/www.europesays.com\/se\/wp-json\/wp\/v2\/media?parent=55777"}],"wp:term":[{"taxonomy":"category","embeddable":true,"href":"https:\/\/www.europesays.com\/se\/wp-json\/wp\/v2\/categories?post=55777"},{"taxonomy":"post_tag","embeddable":true,"href":"https:\/\/www.europesays.com\/se\/wp-json\/wp\/v2\/tags?post=55777"}],"curies":[{"name":"wp","href":"https:\/\/api.w.org\/{rel}","templated":true}]}}