{"id":55790,"date":"2025-10-14T22:06:16","date_gmt":"2025-10-14T22:06:16","guid":{"rendered":"https:\/\/www.europesays.com\/se\/55790\/"},"modified":"2025-10-14T22:06:16","modified_gmt":"2025-10-14T22:06:16","slug":"madagaskar-militaren-tar-makten-svt-nyheter","status":"publish","type":"post","link":"https:\/\/www.europesays.com\/se\/55790\/","title":{"rendered":"Madagaskar: Milit\u00e4ren tar makten | SVT Nyheter"},"content":{"rendered":"<p>Milit\u00e4ren har tagit makten i Madagaskar efter att president Andry Rajoelina flytt landet, rapporterar Reuters. <\/p>\n<p>Presidenten har fr\u00e5n sin exil uppl\u00f6st parlamentet \u2013 som svarat med att st\u00e4lla honom inf\u00f6r riksr\u00e4tt. Omedelbart efter omr\u00f6stningen uppger en elitenhet inom milit\u00e4ren att man tagit makten. <\/p>\n<p>Utvecklingen f\u00f6ljer p\u00e5 veckor av ungdomsledda protester mot korruption, arbetsl\u00f6shet och \u00e5terkommande el- och vattenbrist, samt krav p\u00e5 presidentens avg\u00e5ng. I helgen st\u00e4llde sig den milit\u00e4ra enheten Capsat p\u00e5 deras sida. <\/p>\n","protected":false},"excerpt":{"rendered":"Milit\u00e4ren har tagit makten i Madagaskar efter att president Andry Rajoelina flytt landet, rapporterar Reuters. Presidenten har fr\u00e5n&hellip;\n","protected":false},"author":2,"featured_media":793,"comment_status":"","ping_status":"","sticky":false,"template":"","format":"standard","meta":{"footnotes":""},"categories":[14],"tags":[22,23,26,27,17,21,24,25,28,29,15,16,18,34,31,33,32,30,19,20,51,52,53,54],"class_list":{"0":"post-55790","1":"post","2":"type-post","3":"status-publish","4":"format-standard","5":"has-post-thumbnail","7":"category-varlden","8":"tag-breaking-news","9":"tag-breakingnews","10":"tag-featured-news","11":"tag-featurednews","12":"tag-headlines","13":"tag-huvudnyheter","14":"tag-latest-news","15":"tag-latestnews","16":"tag-main-news","17":"tag-mainnews","18":"tag-news","19":"tag-nyheter","20":"tag-rubriker","21":"tag-se","22":"tag-svenska","23":"tag-sverige","24":"tag-sweden","25":"tag-swedish","26":"tag-top-stories","27":"tag-topstories","28":"tag-varlden","29":"tag-world","30":"tag-world-news","31":"tag-worldnews"},"share_on_mastodon":{"url":"","error":""},"_links":{"self":[{"href":"https:\/\/www.europesays.com\/se\/wp-json\/wp\/v2\/posts\/55790","targetHints":{"allow":["GET"]}}],"collection":[{"href":"https:\/\/www.europesays.com\/se\/wp-json\/wp\/v2\/posts"}],"about":[{"href":"https:\/\/www.europesays.com\/se\/wp-json\/wp\/v2\/types\/post"}],"author":[{"embeddable":true,"href":"https:\/\/www.europesays.com\/se\/wp-json\/wp\/v2\/users\/2"}],"replies":[{"embeddable":true,"href":"https:\/\/www.europesays.com\/se\/wp-json\/wp\/v2\/comments?post=55790"}],"version-history":[{"count":0,"href":"https:\/\/www.europesays.com\/se\/wp-json\/wp\/v2\/posts\/55790\/revisions"}],"wp:featuredmedia":[{"embeddable":true,"href":"https:\/\/www.europesays.com\/se\/wp-json\/wp\/v2\/media\/793"}],"wp:attachment":[{"href":"https:\/\/www.europesays.com\/se\/wp-json\/wp\/v2\/media?parent=55790"}],"wp:term":[{"taxonomy":"category","embeddable":true,"href":"https:\/\/www.europesays.com\/se\/wp-json\/wp\/v2\/categories?post=55790"},{"taxonomy":"post_tag","embeddable":true,"href":"https:\/\/www.europesays.com\/se\/wp-json\/wp\/v2\/tags?post=55790"}],"curies":[{"name":"wp","href":"https:\/\/api.w.org\/{rel}","templated":true}]}}